{"id":11366,"date":"2020-02-04T10:49:27","date_gmt":"2020-02-04T13:49:27","guid":{"rendered":"https:\/\/fadeweb.uncoma.edu.ar\/?p=11366"},"modified":"2022-11-28T10:49:56","modified_gmt":"2022-11-28T13:49:56","slug":"observatorio-de-politicas-publicas-para-personas-mayores","status":"publish","type":"post","link":"https:\/\/fadeweb.uncoma.edu.ar\/index.php\/2020\/02\/04\/observatorio-de-politicas-publicas-para-personas-mayores\/","title":{"rendered":"OBSERVATORIO DE POL\u00cdTICAS P\u00daBLICAS PARA PERSONAS MAYORES"},"content":{"rendered":"<p class=\"subt1\"><img fetchpriority=\"high\" decoding=\"async\" class=\"alignnone size-full wp-image-11367\" src=\"https:\/\/fadeweb.uncoma.edu.ar\/wp-content\/uploads\/2022\/11\/dneri.jpg\" alt=\"\" width=\"960\" height=\"720\" srcset=\"https:\/\/fadeweb.uncoma.edu.ar\/wp-content\/uploads\/2022\/11\/dneri.jpg 960w, https:\/\/fadeweb.uncoma.edu.ar\/wp-content\/uploads\/2022\/11\/dneri-300x225.jpg 300w, https:\/\/fadeweb.uncoma.edu.ar\/wp-content\/uploads\/2022\/11\/dneri-768x576.jpg 768w\" sizes=\"(max-width: 960px) 100vw, 960px\" \/><\/p>\n<p class=\"texto\">El Observatorio de Pol\u00edticas P\u00fablicas para personas mayores se reuni\u00f3 con el Director Ejecutivo, Diego Mel y la Coordinadora Ejecutiva, Daiana Neri, de la Unidad de Gesti\u00f3n Local R\u00edo Negro de PAMI. Se abordaron cuestiones relativas a las pol\u00edticas p\u00fablicas orientadas a las personas mayores, repasando las necesidades y condiciones de vida de las personas mayores. Asimismo, se analizaron propuestas de trabajo en com\u00fan en pos de mejorar la calidad de vida de este grupo etario.<\/p>\n","protected":false},"excerpt":{"rendered":"<p>El Observatorio de Pol\u00edticas P\u00fablicas para personas mayores se reuni\u00f3 con el Director Ejecutivo, Diego Mel y la Coordinadora Ejecutiva, Daiana Neri, de la Unidad de Gesti\u00f3n Local R\u00edo Negro de PAMI. Se abordaron cuestiones relativas a las pol\u00edticas p\u00fablicas orientadas a las personas mayores, repasando las necesidades y condiciones de vida de las personas [&hellip;]<\/p>\n","protected":false},"author":2,"featured_media":11367,"comment_status":"open","ping_status":"open","sticky":false,"template":"","format":"standard","meta":{"footnotes":""},"categories":[39,5],"tags":[],"class_list":["post-11366","post","type-post","status-publish","format-standard","has-post-thumbnail","hentry","category-39","category-notifadecs"],"_links":{"self":[{"href":"https:\/\/fadeweb.uncoma.edu.ar\/index.php\/wp-json\/wp\/v2\/posts\/11366","targetHints":{"allow":["GET"]}}],"collection":[{"href":"https:\/\/fadeweb.uncoma.edu.ar\/index.php\/wp-json\/wp\/v2\/posts"}],"about":[{"href":"https:\/\/fadeweb.uncoma.edu.ar\/index.php\/wp-json\/wp\/v2\/types\/post"}],"author":[{"embeddable":true,"href":"https:\/\/fadeweb.uncoma.edu.ar\/index.php\/wp-json\/wp\/v2\/users\/2"}],"replies":[{"embeddable":true,"href":"https:\/\/fadeweb.uncoma.edu.ar\/index.php\/wp-json\/wp\/v2\/comments?post=11366"}],"version-history":[{"count":1,"href":"https:\/\/fadeweb.uncoma.edu.ar\/index.php\/wp-json\/wp\/v2\/posts\/11366\/revisions"}],"predecessor-version":[{"id":11368,"href":"https:\/\/fadeweb.uncoma.edu.ar\/index.php\/wp-json\/wp\/v2\/posts\/11366\/revisions\/11368"}],"wp:featuredmedia":[{"embeddable":true,"href":"https:\/\/fadeweb.uncoma.edu.ar\/index.php\/wp-json\/wp\/v2\/media\/11367"}],"wp:attachment":[{"href":"https:\/\/fadeweb.uncoma.edu.ar\/index.php\/wp-json\/wp\/v2\/media?parent=11366"}],"wp:term":[{"taxonomy":"category","embeddable":true,"href":"https:\/\/fadeweb.uncoma.edu.ar\/index.php\/wp-json\/wp\/v2\/categories?post=11366"},{"taxonomy":"post_tag","embeddable":true,"href":"https:\/\/fadeweb.uncoma.edu.ar\/index.php\/wp-json\/wp\/v2\/tags?post=11366"}],"curies":[{"name":"wp","href":"https:\/\/api.w.org\/{rel}","templated":true}]}}