{"id":11326,"date":"2020-02-21T10:27:52","date_gmt":"2020-02-21T13:27:52","guid":{"rendered":"https:\/\/fadeweb.uncoma.edu.ar\/?p=11326"},"modified":"2022-11-28T10:28:30","modified_gmt":"2022-11-28T13:28:30","slug":"panuelos-blancos-al-sur-documental-transmedia-comunitario-en-festival-internacional-de-cine-en-chile","status":"publish","type":"post","link":"https:\/\/fadeweb.uncoma.edu.ar\/index.php\/2020\/02\/21\/panuelos-blancos-al-sur-documental-transmedia-comunitario-en-festival-internacional-de-cine-en-chile\/","title":{"rendered":"PA\u00d1UELOS BLANCOS AL SUR. DOCUMENTAL TRANSMEDIA COMUNITARIO EN FESTIVAL INTERNACIONAL DE CINE EN CHILE"},"content":{"rendered":"<p><img fetchpriority=\"high\" decoding=\"async\" class=\"alignnone size-full wp-image-11327\" src=\"https:\/\/fadeweb.uncoma.edu.ar\/wp-content\/uploads\/2022\/11\/pap.jpg\" alt=\"\" width=\"616\" height=\"455\" srcset=\"https:\/\/fadeweb.uncoma.edu.ar\/wp-content\/uploads\/2022\/11\/pap.jpg 616w, https:\/\/fadeweb.uncoma.edu.ar\/wp-content\/uploads\/2022\/11\/pap-300x222.jpg 300w\" sizes=\"(max-width: 616px) 100vw, 616px\" \/><\/p>\n<p class=\"texto\"><strong>IMAGENES Y SONIDOS RESISTENTES<\/strong><\/p>\n<p class=\"texto\">El Documental \u201cPa\u00f1uelos Blancos al Sur\u201d fue seleccionado oficialmente y particip\u00f3 del festival de cine FECIPA en CHILE. El mismo es un Documental Transmedia Comunitario, realizado por Gustavo Gzain, Iru S\u00e1nchez, Lorena Gal\u00e1n, Nicol\u00e1s Quezada, Pablo; docente y estudiantes de la carrera de Comunicaci\u00f3n Social de la Facultad de Derecho y Ciencias Sociales de la Universidad Nacional del Comahue. El cortometraje trata sobre los 42 a\u00f1os de lucha y resistencia de las Madres de Plaza de Mayo filial Neuqu\u00e9n y Alto Valle, mostrando el recorrido que nuestras Madres realizaron luego de sufrir la p\u00e9rdida de sus hijos siguiendo su lucha con la misma coherencia y perseverancia que el primer d\u00eda.<\/p>\n<p class=\"texto\">La participaci\u00f3n del documental en el vecino pa\u00eds, junto a otras pel\u00edculas argentinas y chilenas, conformaron un festival donde se tuvo siempre presente la situaci\u00f3n actual, los momentos de lucha y resistencia que est\u00e1 llevando adelante el pueblo chileno. En el festival se presentaron pel\u00edculas como \u201cCabros de Mierda\u201d del internacionalmente conocido cineasta Gonzalo Justiniano, la pel\u00edcula \u201cEl edificio de los chilenos\u201d de Aguil\u00f3 y \u201cHoy y no ma\u00f1ana\u201d de la realizadora chilena Josefina Morand\u00e9, que trata del accionar y la lucha de un grupo de mujeres en plena dictadura militar que tuvo como referente al dictador Pinochet.<\/p>\n<p class=\"texto\">Tambi\u00e9n se desarrollaron durante el Festival Foros que brindaron y abrieron el espacio para el debate y la reflexi\u00f3n sobre el audiovisual El \u201cForo Cine Y Feminismo\u201d, donde las mujeres audiovisualistas redactaron un postulado que leyeron al final del festival manifest\u00e1ndose por un cine inclusivo y no binario. Luego, se llev\u00f3 a cabo el \u201cForo Cine Social y Pol\u00edtico\u201d, que cont\u00f3 con la presencia de Gustavo Gzain como disertante y referente, quien brind\u00f3 los conceptos y fundamentos del cine social y pol\u00edtico latinoamericano en contexto con las producciones actuales a partir de la resistencia y lucha del pueblo chileno. En el foro se vivieron momentos de reflexi\u00f3n para la acci\u00f3n audiovisual.<\/p>\n<p class=\"texto\">La proyecci\u00f3n de \u201cPa\u00f1uelos Blancos al Sur\u201d fue muy bien recibida por el p\u00fablico chileno, que aplaudi\u00f3 sostenidamente la realizaci\u00f3n y escuch\u00e1ndose decir a algunos presentes \u201cNunca M\u00e1s\u201d.<\/p>\n<p class=\"texto\">Antes y luego de la proyecci\u00f3n del documental se acercaron organismos de Derechos Humanos y Madres de hijos desaparecidos y familiares de desaparecidos en la \u00faltima dictadura militar chilena los cuales hicieron entrega del libro \u201cAys\u00e9n: Muertes en Dictadura\u201d Historias de Ausencia y Memoria\u201d al Director de \u201cPa\u00f1uelos blancos al sur\u201d.<\/p>\n<p class=\"texto\">Los realizadores est\u00e1n en etapa de postproducci\u00f3n del largometraje sobre las MADRES DE PLAZA DE MAYO filial Neuqu\u00e9n y Alto Valle \u201cLa ronda de los pa\u00f1uelos al sur\u201d que espera ser estrenado a fines del a\u00f1o 2020.<\/p>\n<p class=\"texto\">(Por Centro de Estudios Patag\u00f3nicos de Comunicaci\u00f3n y Cultura)<\/p>\n","protected":false},"excerpt":{"rendered":"<p>IMAGENES Y SONIDOS RESISTENTES El Documental \u201cPa\u00f1uelos Blancos al Sur\u201d fue seleccionado oficialmente y particip\u00f3 del festival de cine FECIPA en CHILE. El mismo es un Documental Transmedia Comunitario, realizado por Gustavo Gzain, Iru S\u00e1nchez, Lorena Gal\u00e1n, Nicol\u00e1s Quezada, Pablo; docente y estudiantes de la carrera de Comunicaci\u00f3n Social de la Facultad de Derecho y [&hellip;]<\/p>\n","protected":false},"author":2,"featured_media":11327,"comment_status":"open","ping_status":"open","sticky":false,"template":"","format":"standard","meta":{"footnotes":""},"categories":[39,5],"tags":[],"class_list":["post-11326","post","type-post","status-publish","format-standard","has-post-thumbnail","hentry","category-39","category-notifadecs"],"_links":{"self":[{"href":"https:\/\/fadeweb.uncoma.edu.ar\/index.php\/wp-json\/wp\/v2\/posts\/11326","targetHints":{"allow":["GET"]}}],"collection":[{"href":"https:\/\/fadeweb.uncoma.edu.ar\/index.php\/wp-json\/wp\/v2\/posts"}],"about":[{"href":"https:\/\/fadeweb.uncoma.edu.ar\/index.php\/wp-json\/wp\/v2\/types\/post"}],"author":[{"embeddable":true,"href":"https:\/\/fadeweb.uncoma.edu.ar\/index.php\/wp-json\/wp\/v2\/users\/2"}],"replies":[{"embeddable":true,"href":"https:\/\/fadeweb.uncoma.edu.ar\/index.php\/wp-json\/wp\/v2\/comments?post=11326"}],"version-history":[{"count":1,"href":"https:\/\/fadeweb.uncoma.edu.ar\/index.php\/wp-json\/wp\/v2\/posts\/11326\/revisions"}],"predecessor-version":[{"id":11328,"href":"https:\/\/fadeweb.uncoma.edu.ar\/index.php\/wp-json\/wp\/v2\/posts\/11326\/revisions\/11328"}],"wp:featuredmedia":[{"embeddable":true,"href":"https:\/\/fadeweb.uncoma.edu.ar\/index.php\/wp-json\/wp\/v2\/media\/11327"}],"wp:attachment":[{"href":"https:\/\/fadeweb.uncoma.edu.ar\/index.php\/wp-json\/wp\/v2\/media?parent=11326"}],"wp:term":[{"taxonomy":"category","embeddable":true,"href":"https:\/\/fadeweb.uncoma.edu.ar\/index.php\/wp-json\/wp\/v2\/categories?post=11326"},{"taxonomy":"post_tag","embeddable":true,"href":"https:\/\/fadeweb.uncoma.edu.ar\/index.php\/wp-json\/wp\/v2\/tags?post=11326"}],"curies":[{"name":"wp","href":"https:\/\/api.w.org\/{rel}","templated":true}]}}