{"id":11324,"date":"2020-02-21T10:26:30","date_gmt":"2020-02-21T13:26:30","guid":{"rendered":"https:\/\/fadeweb.uncoma.edu.ar\/?p=11324"},"modified":"2022-11-28T10:27:08","modified_gmt":"2022-11-28T13:27:08","slug":"comunicado-de-prensa-observatorio-de-politicas-publicas-para-personas-mayores","status":"publish","type":"post","link":"https:\/\/fadeweb.uncoma.edu.ar\/index.php\/2020\/02\/21\/comunicado-de-prensa-observatorio-de-politicas-publicas-para-personas-mayores\/","title":{"rendered":"COMUNICADO DE PRENSA  OBSERVATORIO DE POL\u00cdTICAS P\u00daBLICAS PARA PERSONAS MAYORES."},"content":{"rendered":"<p><img fetchpriority=\"high\" decoding=\"async\" class=\"alignnone size-large wp-image-9892\" src=\"https:\/\/fadeweb.uncoma.edu.ar\/wp-content\/uploads\/2022\/11\/obs-adul-may-1024x925.jpg\" alt=\"\" width=\"800\" height=\"723\" srcset=\"https:\/\/fadeweb.uncoma.edu.ar\/wp-content\/uploads\/2022\/11\/obs-adul-may-1024x925.jpg 1024w, https:\/\/fadeweb.uncoma.edu.ar\/wp-content\/uploads\/2022\/11\/obs-adul-may-300x271.jpg 300w, https:\/\/fadeweb.uncoma.edu.ar\/wp-content\/uploads\/2022\/11\/obs-adul-may-768x694.jpg 768w, https:\/\/fadeweb.uncoma.edu.ar\/wp-content\/uploads\/2022\/11\/obs-adul-may.jpg 1156w\" sizes=\"(max-width: 800px) 100vw, 800px\" \/><br \/>\n<span class=\"texto\">FEBRERO DE 2020<\/p>\n<p>El Observatorio de Pol\u00edticas P\u00fablicas para Personas Mayores desea expresar su opini\u00f3n en cuanto a las medidas implementadas por el Gobierno Nacional, luego de haber suspendido la aplicaci\u00f3n del \u00cdndice de Movilidad por los pr\u00f3ximos tres meses.<\/p>\n<p>Somos conscientes de la grav\u00edsima situaci\u00f3n econ\u00f3mica por la que atraviesa el pa\u00eds, y consideramos conveniente se\u00f1alar que, si bien el segmento favorecido por la sanci\u00f3n del Decreto Nro. 163\/2020 ha sido el de m\u00e1s bajos ingresos (jubilaci\u00f3n m\u00ednima, AUH, PUAM y Pensiones), se han producido situaciones de evidente inequidad con aquellos que ni siquiera alcanzan a cobrar el equivalente a dos jubilaciones m\u00ednimas, puesto que su ingreso se ha visto perjudicado en relaci\u00f3n al empleo de la f\u00f3rmula anterior.<\/p>\n<p>Observamos que aquellos jubilados que cobran hasta 20.000 pesos y de ah\u00ed en m\u00e1s todas las escalas superiores, ya han visto no s\u00f3lo que sus ingresos no se han incrementado sino tambi\u00e9n, en algunos casos, sufrido importantes reducciones de haberes, siempre en vistas a la aplicaci\u00f3n de dicha f\u00f3rmula.<\/p>\n<p>Se estima que aproximadamente dos millones de jubilados han visto reducido su monto a cobrar y \u00e9ste no ha superado lo previsto, de acuerdo con el \u00edndice de inflaci\u00f3n. Si repetimos que los Derechos Humanos (entre ellos tener la Seguridad Social) son progresivos, estar\u00edamos frente a una situaci\u00f3n donde esta progresividad estar\u00eda siendo vulnerada.<\/p>\n<p>Sin embargo, este Observatorio ve con agrado la implementaci\u00f3n del Vadem\u00e9cum de 170 remedios gratis en el PAMI, as\u00ed como aquellas medidas que tiendan a mejorar la calidad de vida de quienes han trabajado toda su vida, y que hoy viven en permanente zozobra frente a aumentos desmedidos de precios en medicamentos, alimentos y otras necesidades propias de esta etapa etaria en la que se encuentran.<\/p>\n<p>Por ello, instamos al Gobierno Nacional a tomar nota de esta situaci\u00f3n y a actuar en consecuencia, sabemos que han convocado a t\u00e9cnicos y especialistas, proponemos que r\u00e1pidamente se discuta una nueva f\u00f3rmula de movilidad, que permita superar esta instancia tan problem\u00e1tica para miles de jubilados.<\/span><\/p>\n","protected":false},"excerpt":{"rendered":"<p>FEBRERO DE 2020 El Observatorio de Pol\u00edticas P\u00fablicas para Personas Mayores desea expresar su opini\u00f3n en cuanto a las medidas implementadas por el Gobierno Nacional, luego de haber suspendido la aplicaci\u00f3n del \u00cdndice de Movilidad por los pr\u00f3ximos tres meses. Somos conscientes de la grav\u00edsima situaci\u00f3n econ\u00f3mica por la que atraviesa el pa\u00eds, y consideramos [&hellip;]<\/p>\n","protected":false},"author":2,"featured_media":9892,"comment_status":"open","ping_status":"open","sticky":false,"template":"","format":"standard","meta":{"footnotes":""},"categories":[39,5],"tags":[],"class_list":["post-11324","post","type-post","status-publish","format-standard","has-post-thumbnail","hentry","category-39","category-notifadecs"],"_links":{"self":[{"href":"https:\/\/fadeweb.uncoma.edu.ar\/index.php\/wp-json\/wp\/v2\/posts\/11324","targetHints":{"allow":["GET"]}}],"collection":[{"href":"https:\/\/fadeweb.uncoma.edu.ar\/index.php\/wp-json\/wp\/v2\/posts"}],"about":[{"href":"https:\/\/fadeweb.uncoma.edu.ar\/index.php\/wp-json\/wp\/v2\/types\/post"}],"author":[{"embeddable":true,"href":"https:\/\/fadeweb.uncoma.edu.ar\/index.php\/wp-json\/wp\/v2\/users\/2"}],"replies":[{"embeddable":true,"href":"https:\/\/fadeweb.uncoma.edu.ar\/index.php\/wp-json\/wp\/v2\/comments?post=11324"}],"version-history":[{"count":1,"href":"https:\/\/fadeweb.uncoma.edu.ar\/index.php\/wp-json\/wp\/v2\/posts\/11324\/revisions"}],"predecessor-version":[{"id":11325,"href":"https:\/\/fadeweb.uncoma.edu.ar\/index.php\/wp-json\/wp\/v2\/posts\/11324\/revisions\/11325"}],"wp:featuredmedia":[{"embeddable":true,"href":"https:\/\/fadeweb.uncoma.edu.ar\/index.php\/wp-json\/wp\/v2\/media\/9892"}],"wp:attachment":[{"href":"https:\/\/fadeweb.uncoma.edu.ar\/index.php\/wp-json\/wp\/v2\/media?parent=11324"}],"wp:term":[{"taxonomy":"category","embeddable":true,"href":"https:\/\/fadeweb.uncoma.edu.ar\/index.php\/wp-json\/wp\/v2\/categories?post=11324"},{"taxonomy":"post_tag","embeddable":true,"href":"https:\/\/fadeweb.uncoma.edu.ar\/index.php\/wp-json\/wp\/v2\/tags?post=11324"}],"curies":[{"name":"wp","href":"https:\/\/api.w.org\/{rel}","templated":true}]}}