{"id":11321,"date":"2020-02-21T10:25:29","date_gmt":"2020-02-21T13:25:29","guid":{"rendered":"https:\/\/fadeweb.uncoma.edu.ar\/?p=11321"},"modified":"2022-11-28T10:26:01","modified_gmt":"2022-11-28T13:26:01","slug":"intervencion-con-proyectos-barriales-de-la-universidad-nacional-del-comahue","status":"publish","type":"post","link":"https:\/\/fadeweb.uncoma.edu.ar\/index.php\/2020\/02\/21\/intervencion-con-proyectos-barriales-de-la-universidad-nacional-del-comahue\/","title":{"rendered":"INTERVENCI\u00d3N CON PROYECTOS BARRIALES DE LA UNIVERSIDAD NACIONAL DEL COMAHUE"},"content":{"rendered":"<p class=\"subt1\"><img fetchpriority=\"high\" decoding=\"async\" class=\"alignnone size-large wp-image-11322\" src=\"https:\/\/fadeweb.uncoma.edu.ar\/wp-content\/uploads\/2022\/11\/barriales-1024x576.jpg\" alt=\"\" width=\"800\" height=\"450\" srcset=\"https:\/\/fadeweb.uncoma.edu.ar\/wp-content\/uploads\/2022\/11\/barriales-1024x576.jpg 1024w, https:\/\/fadeweb.uncoma.edu.ar\/wp-content\/uploads\/2022\/11\/barriales-300x169.jpg 300w, https:\/\/fadeweb.uncoma.edu.ar\/wp-content\/uploads\/2022\/11\/barriales-768x432.jpg 768w, https:\/\/fadeweb.uncoma.edu.ar\/wp-content\/uploads\/2022\/11\/barriales.jpg 1032w\" sizes=\"(max-width: 800px) 100vw, 800px\" \/><\/p>\n<p class=\"texto\">La Secretar\u00eda de Extensi\u00f3n Universitaria de la Universidad Nacional del Comahue formaliz\u00f3 la convocatoria a presentaci\u00f3n de proyectos en el marco del programa Universidad P\u00fablica en el Barrio, reafirmando su compromiso con la sociedad de la Norpatagonia, en una coyuntura muy cr\u00edtica para la Universidad P\u00fablica en general.\u00a0La convocatoria tiene como eje excluyente las \u2018vulnerabilidades\u2019 y los proyectos ser\u00e1n una herramienta para para la intervenci\u00f3n de la Universidad, junto a distintos organismos, municipios, provincias y organizaciones de la comunidad, en problem\u00e1ticas sociales como emergencia alimentaria, emergencia en salud, emergencia en violencia de g\u00e9nero o emergencia laboral, entre otras.<\/p>\n<p>Los proyectos de Universidad P\u00fablica en el Barrio se desarrollar\u00e1n en todo el territorio de las provincias de R\u00edo Negro y Neuqu\u00e9n y se pondr\u00e1n en marcha con recursos propios. Una particularidad importante ser\u00e1 que los fondos se distribuir\u00e1n de manera equitativa entre las 17 unidades acad\u00e9micas y la administraci\u00f3n central, apuntando a una federalizaci\u00f3n de los recursos y de los proyectos. \u201cBuscamos que las unidades acad\u00e9micas m\u00e1s peque\u00f1as como los asentamientos de San Mart\u00edn de los Andes y Zapala o la Escuela de Ciencias del Mar de San Antonio Oeste est\u00e9n en un pie de igualdad en la distribuci\u00f3n de recursos, como una manera de apuntalar su crecimiento\u201d, expres\u00f3 el secretario de Extensi\u00f3n, Mg. Gustavo Ferreyra.<\/p>\n<p>La convocatoria la oficializ\u00f3 por unanimidad el Consejo de Extensi\u00f3n, con la participaci\u00f3n de la mayor\u00eda de sus miembros. Cada unidad acad\u00e9mica ser\u00e1 la responsable de trazar las l\u00edneas para la formulaci\u00f3n de proyectos, considerados estrat\u00e9gicos, en la coyuntura por la que atraviesa la Argentina. Pese a la grave crisis presupuestaria por la que atraviesa la Universidad, se decidi\u00f3 sostener la convocatoria y trabajar, junto a las comunidades, problemas urgentes. \u201cSabemos que no es mucho dinero, a eso hay que sumar las horas de docentes y no docentes que se destinan a los proyectos, la infraestructura que se pone al servicio de los mismos y el aporte de nuestros graduados y posgraduados. No es suficiente, pero si es una base para formular el proyecto y buscar como socios a municipios y otros organismos\u201d, se\u00f1al\u00f3 Ferreyra.<\/p>\n<p>\u201cLa Universidad P\u00fablica en el Barrio es una iniciativa que desde su origen se orienta a consolidar y profundizar los v\u00ednculos con toda la Norpatagonia, en interacci\u00f3n con las comunidades y sus instituciones. Somos quienes convivimos en la extensi\u00f3n del territorio y buscamos ser part\u00edcipe de la tarea com\u00fan cotidiana de vivir mejor, atendiendo intereses, inquietudes y necesidades que se manifiestan como propuestas desde y hacia la Universidad\u201d, se plante\u00f3 en el lanzamiento de la convocatoria.<\/p>\n<p>Esta convocatoria llega de la mano de la digitalizaci\u00f3n del proceso de presentaci\u00f3n de proyectos de extensi\u00f3n, con un programa desarrollado por un equipo de becarios de la Facultad de Inform\u00e1tica, que coordina el licenciado Pablo Kogan.<\/p>\n<p>Tambi\u00e9n hay innovaciones en el marco normativo, como la posibilidad de incorporar como codirectores de los proyectos a graduados, no docentes, estudiantes avanzados o miembros de organizaciones de la comunidad que act\u00faan como contrapartes de los proyectos.<\/p>\n<p>Esta convocatoria de \u201cUniversidad P\u00fablica en el Barrio tiene como tema excluyente en esta convocatoria las Vulnerabilidades, comprendiendo en este concepto a las condiciones y\/o situaciones en que las personas, grupos y\/o comunidades son expuestos a da\u00f1os y limitaciones severas que afectan de modo multidimensional su calidad de vida y sus derechos\u201d, concluye el Consejo de Extensi\u00f3n de la Universidad Nacional del Comahue.<\/p>\n<p><span class=\"texto\"> (Fuente: Secretar\u00eda de Extensi\u00f3n de la UNCo)<\/span> <span class=\"linea4\"><a id=\"a17\" name=\"a03210220\"><\/a><\/span><\/p>\n<hr noshade=\"noshade\" \/>\n","protected":false},"excerpt":{"rendered":"<p>La Secretar\u00eda de Extensi\u00f3n Universitaria de la Universidad Nacional del Comahue formaliz\u00f3 la convocatoria a presentaci\u00f3n de proyectos en el marco del programa Universidad P\u00fablica en el Barrio, reafirmando su compromiso con la sociedad de la Norpatagonia, en una coyuntura muy cr\u00edtica para la Universidad P\u00fablica en general.\u00a0La convocatoria tiene como eje excluyente las \u2018vulnerabilidades\u2019 [&hellip;]<\/p>\n","protected":false},"author":2,"featured_media":11322,"comment_status":"open","ping_status":"open","sticky":false,"template":"","format":"standard","meta":{"footnotes":""},"categories":[39,5],"tags":[],"class_list":["post-11321","post","type-post","status-publish","format-standard","has-post-thumbnail","hentry","category-39","category-notifadecs"],"_links":{"self":[{"href":"https:\/\/fadeweb.uncoma.edu.ar\/index.php\/wp-json\/wp\/v2\/posts\/11321","targetHints":{"allow":["GET"]}}],"collection":[{"href":"https:\/\/fadeweb.uncoma.edu.ar\/index.php\/wp-json\/wp\/v2\/posts"}],"about":[{"href":"https:\/\/fadeweb.uncoma.edu.ar\/index.php\/wp-json\/wp\/v2\/types\/post"}],"author":[{"embeddable":true,"href":"https:\/\/fadeweb.uncoma.edu.ar\/index.php\/wp-json\/wp\/v2\/users\/2"}],"replies":[{"embeddable":true,"href":"https:\/\/fadeweb.uncoma.edu.ar\/index.php\/wp-json\/wp\/v2\/comments?post=11321"}],"version-history":[{"count":1,"href":"https:\/\/fadeweb.uncoma.edu.ar\/index.php\/wp-json\/wp\/v2\/posts\/11321\/revisions"}],"predecessor-version":[{"id":11323,"href":"https:\/\/fadeweb.uncoma.edu.ar\/index.php\/wp-json\/wp\/v2\/posts\/11321\/revisions\/11323"}],"wp:featuredmedia":[{"embeddable":true,"href":"https:\/\/fadeweb.uncoma.edu.ar\/index.php\/wp-json\/wp\/v2\/media\/11322"}],"wp:attachment":[{"href":"https:\/\/fadeweb.uncoma.edu.ar\/index.php\/wp-json\/wp\/v2\/media?parent=11321"}],"wp:term":[{"taxonomy":"category","embeddable":true,"href":"https:\/\/fadeweb.uncoma.edu.ar\/index.php\/wp-json\/wp\/v2\/categories?post=11321"},{"taxonomy":"post_tag","embeddable":true,"href":"https:\/\/fadeweb.uncoma.edu.ar\/index.php\/wp-json\/wp\/v2\/tags?post=11321"}],"curies":[{"name":"wp","href":"https:\/\/api.w.org\/{rel}","templated":true}]}}