{"id":11312,"date":"2020-02-26T10:15:46","date_gmt":"2020-02-26T13:15:46","guid":{"rendered":"https:\/\/fadeweb.uncoma.edu.ar\/?p=11312"},"modified":"2022-11-28T10:16:15","modified_gmt":"2022-11-28T13:16:15","slug":"proponen-que-las-personas-mayores-figuren-en-la-agenda-gubernamental","status":"publish","type":"post","link":"https:\/\/fadeweb.uncoma.edu.ar\/index.php\/2020\/02\/26\/proponen-que-las-personas-mayores-figuren-en-la-agenda-gubernamental\/","title":{"rendered":"PROPONEN QUE LAS PERSONAS MAYORES FIGUREN EN LA AGENDA GUBERNAMENTAL"},"content":{"rendered":"<p class=\"subt1\"><img fetchpriority=\"high\" decoding=\"async\" class=\"alignnone size-large wp-image-11313\" src=\"https:\/\/fadeweb.uncoma.edu.ar\/wp-content\/uploads\/2022\/11\/Calvo-Palmieri-1024x609.jpg\" alt=\"\" width=\"800\" height=\"476\" srcset=\"https:\/\/fadeweb.uncoma.edu.ar\/wp-content\/uploads\/2022\/11\/Calvo-Palmieri-1024x609.jpg 1024w, https:\/\/fadeweb.uncoma.edu.ar\/wp-content\/uploads\/2022\/11\/Calvo-Palmieri-300x178.jpg 300w, https:\/\/fadeweb.uncoma.edu.ar\/wp-content\/uploads\/2022\/11\/Calvo-Palmieri-768x457.jpg 768w, https:\/\/fadeweb.uncoma.edu.ar\/wp-content\/uploads\/2022\/11\/Calvo-Palmieri-1536x914.jpg 1536w, https:\/\/fadeweb.uncoma.edu.ar\/wp-content\/uploads\/2022\/11\/Calvo-Palmieri.jpg 1920w\" sizes=\"(max-width: 800px) 100vw, 800px\" \/><\/p>\n<p class=\"texto\">El vicegobernador de R\u00edo Negro Alejandro Palmieri asisti\u00f3 a una reuni\u00f3n del Observatorio de Pol\u00edticas P\u00fablicas para Personas Mayores, celebrada el viernes 21 de febrero en la Facultad de Derecho y Ciencias Sociales de la UNCo. El Observatorio fue creado para pensar pol\u00edticas p\u00fablicas con eje en la poblaci\u00f3n mayor y generar estrategias al servicio de la comunidad.<\/p>\n<p class=\"texto\">La vicedecana de la FADECS-UNCo Abog. Mar\u00eda Raquel Calvo, que ofici\u00f3 de vocera ante el vicegobernador Palmieri, explic\u00f3 que \u00abseg\u00fan un informe de la Organizaci\u00f3n Mundial de la Salud, por su aporte y asistencia al grupo familiar y por su consumo las personas mayores son consideradas un &#8216;activo&#8217;; con lo cual es necesario generar pol\u00edticas para trabajar con este grupo etario, ofrecer servicios y actividades, y mejorar las condiciones y calidad de vida de algunos sectores\u00bb.<\/p>\n<p class=\"texto\">En el encuentro se abord\u00f3 la atenci\u00f3n que se brinda desde Salud P\u00fablica y la necesidad de incluir las problem\u00e1ticas de este sector poblacional en crecimiento y que en su mayor\u00eda se atiende en el hospital p\u00fablico. El Observatorio propuso introducir en la agenda pol\u00edtica las requisitorias en estudio, en tanto que el mandatario provincial se comprometi\u00f3 a recibir las propuestas dirigidas a la Legislatura y dar forma para su tratamiento.<\/p>\n<p class=\"texto\">El Observatorio de Pol\u00edticas P\u00fablicas para Personas Mayores que funciona en la FADECS-UNCo se integra con organizaciones sindicales, colegios profesionales, fundaciones y organismos de bien p\u00fablico, con una agenda centrada en el aumento en el porcentaje de la poblaci\u00f3n mayor de sesenta a\u00f1os en nuestro pa\u00eds.<\/p>\n","protected":false},"excerpt":{"rendered":"<p>El vicegobernador de R\u00edo Negro Alejandro Palmieri asisti\u00f3 a una reuni\u00f3n del Observatorio de Pol\u00edticas P\u00fablicas para Personas Mayores, celebrada el viernes 21 de febrero en la Facultad de Derecho y Ciencias Sociales de la UNCo. El Observatorio fue creado para pensar pol\u00edticas p\u00fablicas con eje en la poblaci\u00f3n mayor y generar estrategias al servicio [&hellip;]<\/p>\n","protected":false},"author":2,"featured_media":11313,"comment_status":"open","ping_status":"open","sticky":false,"template":"","format":"standard","meta":{"footnotes":""},"categories":[39,5],"tags":[],"class_list":["post-11312","post","type-post","status-publish","format-standard","has-post-thumbnail","hentry","category-39","category-notifadecs"],"_links":{"self":[{"href":"https:\/\/fadeweb.uncoma.edu.ar\/index.php\/wp-json\/wp\/v2\/posts\/11312","targetHints":{"allow":["GET"]}}],"collection":[{"href":"https:\/\/fadeweb.uncoma.edu.ar\/index.php\/wp-json\/wp\/v2\/posts"}],"about":[{"href":"https:\/\/fadeweb.uncoma.edu.ar\/index.php\/wp-json\/wp\/v2\/types\/post"}],"author":[{"embeddable":true,"href":"https:\/\/fadeweb.uncoma.edu.ar\/index.php\/wp-json\/wp\/v2\/users\/2"}],"replies":[{"embeddable":true,"href":"https:\/\/fadeweb.uncoma.edu.ar\/index.php\/wp-json\/wp\/v2\/comments?post=11312"}],"version-history":[{"count":1,"href":"https:\/\/fadeweb.uncoma.edu.ar\/index.php\/wp-json\/wp\/v2\/posts\/11312\/revisions"}],"predecessor-version":[{"id":11314,"href":"https:\/\/fadeweb.uncoma.edu.ar\/index.php\/wp-json\/wp\/v2\/posts\/11312\/revisions\/11314"}],"wp:featuredmedia":[{"embeddable":true,"href":"https:\/\/fadeweb.uncoma.edu.ar\/index.php\/wp-json\/wp\/v2\/media\/11313"}],"wp:attachment":[{"href":"https:\/\/fadeweb.uncoma.edu.ar\/index.php\/wp-json\/wp\/v2\/media?parent=11312"}],"wp:term":[{"taxonomy":"category","embeddable":true,"href":"https:\/\/fadeweb.uncoma.edu.ar\/index.php\/wp-json\/wp\/v2\/categories?post=11312"},{"taxonomy":"post_tag","embeddable":true,"href":"https:\/\/fadeweb.uncoma.edu.ar\/index.php\/wp-json\/wp\/v2\/tags?post=11312"}],"curies":[{"name":"wp","href":"https:\/\/api.w.org\/{rel}","templated":true}]}}