{"id":11309,"date":"2020-02-26T10:14:04","date_gmt":"2020-02-26T13:14:04","guid":{"rendered":"https:\/\/fadeweb.uncoma.edu.ar\/?p=11309"},"modified":"2022-11-28T10:14:37","modified_gmt":"2022-11-28T13:14:37","slug":"se-acuerda-reunion-entre-el-decano-de-la-fadecs-y-la-gobernadora-provincial","status":"publish","type":"post","link":"https:\/\/fadeweb.uncoma.edu.ar\/index.php\/2020\/02\/26\/se-acuerda-reunion-entre-el-decano-de-la-fadecs-y-la-gobernadora-provincial\/","title":{"rendered":"SE ACUERDA REUNI\u00d3N ENTRE EL DECANO DE LA FADECS Y LA GOBERNADORA PROVINCIAL"},"content":{"rendered":"<p class=\"subt1\"><img fetchpriority=\"high\" decoding=\"async\" class=\"alignnone size-large wp-image-11310\" src=\"https:\/\/fadeweb.uncoma.edu.ar\/wp-content\/uploads\/2022\/11\/Decano-Palmieri-1024x768.jpg\" alt=\"\" width=\"800\" height=\"600\" srcset=\"https:\/\/fadeweb.uncoma.edu.ar\/wp-content\/uploads\/2022\/11\/Decano-Palmieri-1024x768.jpg 1024w, https:\/\/fadeweb.uncoma.edu.ar\/wp-content\/uploads\/2022\/11\/Decano-Palmieri-300x225.jpg 300w, https:\/\/fadeweb.uncoma.edu.ar\/wp-content\/uploads\/2022\/11\/Decano-Palmieri-768x576.jpg 768w, https:\/\/fadeweb.uncoma.edu.ar\/wp-content\/uploads\/2022\/11\/Decano-Palmieri-1536x1152.jpg 1536w, https:\/\/fadeweb.uncoma.edu.ar\/wp-content\/uploads\/2022\/11\/Decano-Palmieri.jpg 1920w\" sizes=\"(max-width: 800px) 100vw, 800px\" \/><\/p>\n<p class=\"texto\">El Decano de la FADECS-UNCo Lic. Andr\u00e9s Ponce de Le\u00f3n recibi\u00f3 al vicegobenador de R\u00edo Negro Alejandro Palmieri con quien abri\u00f3 el di\u00e1logo tendiente a fijar un encuentro con la gobernadora Arabela Carreras, con vistas a celebrar futuros acuerdos de capacitaci\u00f3n.<\/p>\n<p class=\"texto\">En la reuni\u00f3n celebrada el viernes 21 de febrero, el decano Ponce de Le\u00f3n dijo que \u00abla agenda de proyectos es muy amplia, entre ellos la capacitaci\u00f3n en la tem\u00e1tica de g\u00e9nero y violencia contra las mujeres enmarcado en la Ley Micaela; acciones relativas al dictado de una parte de la carrera de Licenciatura en Ciencias Pol\u00edticas en General Roca, entre otros temas\u00bb.<\/p>\n<p class=\"texto\">La FADECS-UNCo firm\u00f3 en 2019 un convenio con la Secretar\u00eda de Estado de Ni\u00f1ez, Adolescencia y Familia (SENAF) para la supervisi\u00f3n de equipos t\u00e9cnicos que se espera renovar este a\u00f1o. El mandatario provincial agradeci\u00f3 la atenci\u00f3n recibida y se comprometi\u00f3 a agilizar distintas gestiones de inter\u00e9s conjunto para diversos organismos rionegrinos y nuestra casa de estudios.<\/p>\n","protected":false},"excerpt":{"rendered":"<p>El Decano de la FADECS-UNCo Lic. Andr\u00e9s Ponce de Le\u00f3n recibi\u00f3 al vicegobenador de R\u00edo Negro Alejandro Palmieri con quien abri\u00f3 el di\u00e1logo tendiente a fijar un encuentro con la gobernadora Arabela Carreras, con vistas a celebrar futuros acuerdos de capacitaci\u00f3n. En la reuni\u00f3n celebrada el viernes 21 de febrero, el decano Ponce de Le\u00f3n [&hellip;]<\/p>\n","protected":false},"author":2,"featured_media":11310,"comment_status":"open","ping_status":"open","sticky":false,"template":"","format":"standard","meta":{"footnotes":""},"categories":[39,5],"tags":[],"class_list":["post-11309","post","type-post","status-publish","format-standard","has-post-thumbnail","hentry","category-39","category-notifadecs"],"_links":{"self":[{"href":"https:\/\/fadeweb.uncoma.edu.ar\/index.php\/wp-json\/wp\/v2\/posts\/11309","targetHints":{"allow":["GET"]}}],"collection":[{"href":"https:\/\/fadeweb.uncoma.edu.ar\/index.php\/wp-json\/wp\/v2\/posts"}],"about":[{"href":"https:\/\/fadeweb.uncoma.edu.ar\/index.php\/wp-json\/wp\/v2\/types\/post"}],"author":[{"embeddable":true,"href":"https:\/\/fadeweb.uncoma.edu.ar\/index.php\/wp-json\/wp\/v2\/users\/2"}],"replies":[{"embeddable":true,"href":"https:\/\/fadeweb.uncoma.edu.ar\/index.php\/wp-json\/wp\/v2\/comments?post=11309"}],"version-history":[{"count":1,"href":"https:\/\/fadeweb.uncoma.edu.ar\/index.php\/wp-json\/wp\/v2\/posts\/11309\/revisions"}],"predecessor-version":[{"id":11311,"href":"https:\/\/fadeweb.uncoma.edu.ar\/index.php\/wp-json\/wp\/v2\/posts\/11309\/revisions\/11311"}],"wp:featuredmedia":[{"embeddable":true,"href":"https:\/\/fadeweb.uncoma.edu.ar\/index.php\/wp-json\/wp\/v2\/media\/11310"}],"wp:attachment":[{"href":"https:\/\/fadeweb.uncoma.edu.ar\/index.php\/wp-json\/wp\/v2\/media?parent=11309"}],"wp:term":[{"taxonomy":"category","embeddable":true,"href":"https:\/\/fadeweb.uncoma.edu.ar\/index.php\/wp-json\/wp\/v2\/categories?post=11309"},{"taxonomy":"post_tag","embeddable":true,"href":"https:\/\/fadeweb.uncoma.edu.ar\/index.php\/wp-json\/wp\/v2\/tags?post=11309"}],"curies":[{"name":"wp","href":"https:\/\/api.w.org\/{rel}","templated":true}]}}