{"id":11271,"date":"2022-11-24T13:30:41","date_gmt":"2022-11-24T16:30:41","guid":{"rendered":"https:\/\/fadeweb.uncoma.edu.ar\/?p=11271"},"modified":"2022-11-24T13:30:41","modified_gmt":"2022-11-24T16:30:41","slug":"ii-jornadas-de-investigacion-y-i-jornadas-de-extension-de-la-red-de-universidades-provinciales-rup","status":"publish","type":"post","link":"https:\/\/fadeweb.uncoma.edu.ar\/index.php\/2022\/11\/24\/ii-jornadas-de-investigacion-y-i-jornadas-de-extension-de-la-red-de-universidades-provinciales-rup\/","title":{"rendered":"II JORNADAS DE INVESTIGACI\u00d3N Y I JORNADAS DE EXTENSI\u00d3N DE LA RED DE UNIVERSIDADES PROVINCIALES (RUP)"},"content":{"rendered":"<p><img fetchpriority=\"high\" decoding=\"async\" class=\"alignnone wp-image-11272\" src=\"https:\/\/fadeweb.uncoma.edu.ar\/wp-content\/uploads\/2022\/11\/RUP-2022-1-1268x713-1-1024x576.jpg\" alt=\"\" width=\"600\" height=\"337\" srcset=\"https:\/\/fadeweb.uncoma.edu.ar\/wp-content\/uploads\/2022\/11\/RUP-2022-1-1268x713-1-1024x576.jpg 1024w, https:\/\/fadeweb.uncoma.edu.ar\/wp-content\/uploads\/2022\/11\/RUP-2022-1-1268x713-1-300x169.jpg 300w, https:\/\/fadeweb.uncoma.edu.ar\/wp-content\/uploads\/2022\/11\/RUP-2022-1-1268x713-1-768x432.jpg 768w, https:\/\/fadeweb.uncoma.edu.ar\/wp-content\/uploads\/2022\/11\/RUP-2022-1-1268x713-1.jpg 1268w\" sizes=\"(max-width: 600px) 100vw, 600px\" \/><\/p>\n<p><strong>Del 19 al 21 de abril de 2023<\/strong>, el IUPA ser\u00e1 anfitri\u00f3n de las II Jornadas de Investigaci\u00f3n y las I Jornadas de Extensi\u00f3n de la Red de Universidades Provinciales (<strong>RUP<\/strong>). Bajo el lema \u201cInvestigaci\u00f3n, Extensi\u00f3n y soberan\u00eda del conocimiento para la independencia pol\u00edtica, econ\u00f3mica y regional. A 40 a\u00f1os del retorno definitivo a la democracia\u201d, ser\u00e1 un evento de relevancia para poner en valor la generaci\u00f3n de saberes y la responsabilidad social en instituciones de car\u00e1cter universitario provincial.<\/p>\n<p>Luego de la primera edici\u00f3n de este evento en la Universidad Provincial de C\u00f3rdoba, en junio de 2021, estas pr\u00f3ximas Jornadas RUP buscan continuar fortaleciendo un espacio de encuentro, debate y construcci\u00f3n del conocimiento en el sistema de educaci\u00f3n superior. Tambi\u00e9n, invitan a exponer y reflexionar sobre formas comunitarias de transformaci\u00f3n en las que se trabaja en la extensi\u00f3n universitaria, reconociendo aprendizajes procedentes de pr\u00e1cticas socio-comunitarias construidas pre y post pandemia.<\/p>\n<p>Durante las Jornadas RUP, se desarrollar\u00e1n actividades bajo distintos formatos, como mesas de di\u00e1logo, talleres, paneles de especialistas y conferencias, que permitir\u00e1n socializar acciones, valores, actividades y balances de experiencias en proyectos de investigaci\u00f3n y extensi\u00f3n que est\u00e9n en progreso o hayan finalizado recientemente, y cuyos resultados han tenido impacto significativo en los territorios.<\/p>\n<p><strong>Destinatarios\/as:<\/strong><\/p>\n<p>Podr\u00e1n participar en car\u00e1cter de expositores o asistentes investigadores\/as, extensionistas, docentes, personal universitario (no docentes), estudiantes de grado y posgrado, p\u00fablico en general.<\/p>\n<p><strong>Actividades<\/strong><\/p>\n<ul>\n<li>Conferencias<\/li>\n<li>Paneles de especialistas<\/li>\n<li>Mesas de ponencias<\/li>\n<li>Mesas de intercambios de estudiantes<\/li>\n<li>Presentaciones de libros y revistas<\/li>\n<li>Exposiciones de formas novedosas de comunicar conocimiento<\/li>\n<li>Conversatorios<\/li>\n<li>Talleres<\/li>\n<\/ul>\n<p><strong>INSCRIPCIONES ABIERTAS HASTA EL 20 DE DICIEMBRE<\/strong><\/p>\n<p><strong>DOCUMENTACI\u00d3N Y DESCARGAS<\/strong><\/p>\n<p><a href=\"https:\/\/iupa.edu.ar\/sitio\/wp-content\/uploads\/2022\/10\/Circular-1.docx\">Circular 1<\/a><a href=\"https:\/\/iupa.edu.ar\/sitio\/wp-content\/uploads\/2022\/10\/Circular-1.docx\" aria-describedby=\"wp-block-file--media-70dc6906-9f9e-4825-8119-a5783aaa3505\">Descarga<\/a><\/p>\n<p><a href=\"https:\/\/iupa.edu.ar\/sitio\/wp-content\/uploads\/2022\/10\/Hoja-de-normalizacion-y-estilo.docx\">Hoja-de-normalizacion-y-estilo<\/a><a href=\"https:\/\/iupa.edu.ar\/sitio\/wp-content\/uploads\/2022\/10\/Hoja-de-normalizacion-y-estilo.docx\" aria-describedby=\"wp-block-file--media-34986b30-af15-4443-a2a6-4ee98b75aaa0\">Descarga<\/a><\/p>\n<p><a href=\"https:\/\/iupa.edu.ar\/sitio\/wp-content\/uploads\/2022\/10\/Ficha-de-inscripcion-2.docx\">Ficha-de-inscripcion-2<\/a><a href=\"https:\/\/iupa.edu.ar\/sitio\/wp-content\/uploads\/2022\/10\/Ficha-de-inscripcion-2.docx\" aria-describedby=\"wp-block-file--media-f7983b7a-190a-47a8-8f96-ca0ebdb2e828\">Descarga<\/a><\/p>\n<p><strong>Informes<\/strong><\/p>\n<p>Melisa Rizzo<\/p>\n<p><a href=\"mailto:jornadasrup@iupa.edu.ar\">jornadasrup@iupa.edu.ar<\/a><\/p>\n<p><strong>Coordinaci\u00f3n general:\u00a0<\/strong><\/p>\n<p>Dra. Mar\u00eda In\u00e9s Arrizabalaga (IUPA)<\/p>\n<p>Lic. Alexandra Paolini (IUPA)<\/p>\n","protected":false},"excerpt":{"rendered":"<p>Del 19 al 21 de abril de 2023, el IUPA ser\u00e1 anfitri\u00f3n de las II Jornadas de Investigaci\u00f3n y las I Jornadas de Extensi\u00f3n de la Red de Universidades Provinciales (RUP). Bajo el lema \u201cInvestigaci\u00f3n, Extensi\u00f3n y soberan\u00eda del conocimiento para la independencia pol\u00edtica, econ\u00f3mica y regional. A 40 a\u00f1os del retorno definitivo a la [&hellip;]<\/p>\n","protected":false},"author":4,"featured_media":11272,"comment_status":"open","ping_status":"open","sticky":false,"template":"","format":"standard","meta":{"footnotes":""},"categories":[79,5],"tags":[],"class_list":["post-11271","post","type-post","status-publish","format-standard","has-post-thumbnail","hentry","category-extension","category-notifadecs"],"_links":{"self":[{"href":"https:\/\/fadeweb.uncoma.edu.ar\/index.php\/wp-json\/wp\/v2\/posts\/11271","targetHints":{"allow":["GET"]}}],"collection":[{"href":"https:\/\/fadeweb.uncoma.edu.ar\/index.php\/wp-json\/wp\/v2\/posts"}],"about":[{"href":"https:\/\/fadeweb.uncoma.edu.ar\/index.php\/wp-json\/wp\/v2\/types\/post"}],"author":[{"embeddable":true,"href":"https:\/\/fadeweb.uncoma.edu.ar\/index.php\/wp-json\/wp\/v2\/users\/4"}],"replies":[{"embeddable":true,"href":"https:\/\/fadeweb.uncoma.edu.ar\/index.php\/wp-json\/wp\/v2\/comments?post=11271"}],"version-history":[{"count":1,"href":"https:\/\/fadeweb.uncoma.edu.ar\/index.php\/wp-json\/wp\/v2\/posts\/11271\/revisions"}],"predecessor-version":[{"id":11276,"href":"https:\/\/fadeweb.uncoma.edu.ar\/index.php\/wp-json\/wp\/v2\/posts\/11271\/revisions\/11276"}],"wp:featuredmedia":[{"embeddable":true,"href":"https:\/\/fadeweb.uncoma.edu.ar\/index.php\/wp-json\/wp\/v2\/media\/11272"}],"wp:attachment":[{"href":"https:\/\/fadeweb.uncoma.edu.ar\/index.php\/wp-json\/wp\/v2\/media?parent=11271"}],"wp:term":[{"taxonomy":"category","embeddable":true,"href":"https:\/\/fadeweb.uncoma.edu.ar\/index.php\/wp-json\/wp\/v2\/categories?post=11271"},{"taxonomy":"post_tag","embeddable":true,"href":"https:\/\/fadeweb.uncoma.edu.ar\/index.php\/wp-json\/wp\/v2\/tags?post=11271"}],"curies":[{"name":"wp","href":"https:\/\/api.w.org\/{rel}","templated":true}]}}