{"id":11242,"date":"2022-11-24T09:08:17","date_gmt":"2022-11-24T12:08:17","guid":{"rendered":"https:\/\/fadeweb.uncoma.edu.ar\/?p=11242"},"modified":"2022-11-24T09:08:17","modified_gmt":"2022-11-24T12:08:17","slug":"llamado-a-inscripciones-curso-de-posgrado-virtual-derecho-constitucional-federalismo-y-derecho-provincial","status":"publish","type":"post","link":"https:\/\/fadeweb.uncoma.edu.ar\/index.php\/2022\/11\/24\/llamado-a-inscripciones-curso-de-posgrado-virtual-derecho-constitucional-federalismo-y-derecho-provincial\/","title":{"rendered":"Llamado a inscripciones &#8211; Curso de posgrado virtual \u201cDerecho Constitucional, Federalismo y Derecho Provincial\u201d"},"content":{"rendered":"<p style=\"text-align: left;\"><img fetchpriority=\"high\" decoding=\"async\" class=\"wp-image-11243 alignleft\" src=\"https:\/\/fadeweb.uncoma.edu.ar\/wp-content\/uploads\/2022\/11\/Derecho-Constitucional-Federalismo-y-Derecho-Provincial2-1024x1024.jpg\" alt=\"\" width=\"600\" height=\"600\" srcset=\"https:\/\/fadeweb.uncoma.edu.ar\/wp-content\/uploads\/2022\/11\/Derecho-Constitucional-Federalismo-y-Derecho-Provincial2-1024x1024.jpg 1024w, https:\/\/fadeweb.uncoma.edu.ar\/wp-content\/uploads\/2022\/11\/Derecho-Constitucional-Federalismo-y-Derecho-Provincial2-300x300.jpg 300w, https:\/\/fadeweb.uncoma.edu.ar\/wp-content\/uploads\/2022\/11\/Derecho-Constitucional-Federalismo-y-Derecho-Provincial2-150x150.jpg 150w, https:\/\/fadeweb.uncoma.edu.ar\/wp-content\/uploads\/2022\/11\/Derecho-Constitucional-Federalismo-y-Derecho-Provincial2-768x768.jpg 768w, https:\/\/fadeweb.uncoma.edu.ar\/wp-content\/uploads\/2022\/11\/Derecho-Constitucional-Federalismo-y-Derecho-Provincial2.jpg 1080w\" sizes=\"(max-width: 600px) 100vw, 600px\" \/>Llamado a inscripciones &#8211; Curso de posgrado virtual<br \/>\n\u201cDerecho Constitucional, Federalismo y Derecho Provincial\u201d<br \/>\nRes. FADECS 843\/22<\/p>\n<p>El Departamento de Posgrado de la\u00a0<a class=\"x1i10hfl xjbqb8w x6umtig x1b1mbwd xaqea5y xav7gou x9f619 x1ypdohk xt0psk2 xe8uvvx xdj266r x11i5rnm xat24cr x1mh8g0r xexx8yu x4uap5 x18d9i69 xkhd6sd x16tdsg8 x1hl2dhg xggy1nq x1a2a7pz notranslate _a6hd\" tabindex=\"0\" role=\"link\" href=\"https:\/\/www.instagram.com\/FADECS\/\">@FADECS<\/a>\u00a0Universidad Nacional del<br \/>\nComahue informa que desde el 01\/02 hasta el 10\/03\/2023 se encontrar\u00e1 abierto el llamado a inscripciones para el Curso de posgrado: \u201cDerecho Constitucional, Federalismo y Derecho Provincial\u201d.<br \/>\nEl presente curso de posgrado busca desarrollar un panorama conceptual y pr\u00e1ctico del federalismo argentino. En esa mirada de amplio espectro se ver\u00e1n sus conexiones profundas con el derecho constitucional y pol\u00edtico, as\u00ed como las particularidades propias que han redefinido su perfil generando innovaciones, debates y reconfiguraciones. En este contexto, tambi\u00e9n se analiza el v\u00ednculo del sistema federal<br \/>\ncon los compromisos en materia de derechos fundamentales a nivel nacional e internacional.<\/p>\n<p>Direcci\u00f3n: Mg. Gustavo Arballo y Mg. Dami\u00e1n Azrak. Coordinaci\u00f3n: Abog. Anavelia Marisa Alvarez<\/p>\n<p>Cuerpo docente: Roberto Saba, Cristian Fautaros, Antonio Hern\u00e1ndez, Guadalupe Valcarce Ojeda, Dami\u00e1n<br \/>\nAzrak, Victor Baz\u00e1n, Pedro Caminos, Marcelo Bernal, Fiscal Cristian Altavilla, Oscar Flores, Agustina Naffa,<br \/>\nFlorencia Saulino, Silvina Ram\u00edrez, Gustavo Arballo, Mar\u00eda Lina Carrera, Liliana Ronconi, \u00c1ngeles Ramallo,<br \/>\nMar\u00eda Piqu\u00e9, Mariano Fern\u00e1ndez Valle, Hector Prieto, Gabriela Abalos, Federico Orlando, Jos\u00e9 P\u00e9rez Corti,<br \/>\nClaudia MacCormack, Mariela Uberti, Carlos Vallef\u00edn Federico Ambroggio, Lorena Gonz\u00e1lez Tocci, Mariano<br \/>\nValentini, Mart\u00edn Bohmer, Gustavo Arballo.<\/p>\n<p>Destinatarios: Abogados y Abogadas, y graduados\/as de carreras afines (con duraci\u00f3n no menor a 4 a\u00f1os de<br \/>\nduraci\u00f3n). Click aqu\u00ed para completar el formulario de inscripci\u00f3n: https:\/\/forms.gle\/2KiALAqJMKFKXAhdA<\/p>\n<p>Cupo: m\u00e1ximo: 70 estudiantes &#8211; m\u00ednimo: 32 estudiantes<\/p>\n<p>Modalidad de dictado: virtual. Carga horaria: 90 hs. c\u00e1tedra de cursado + 10 hs. c\u00e1tedra destinadas a la realizaci\u00f3n del trabajo final.<\/p>\n<p>Consultas:<br \/>\nDepartamento de Posgrado de la FADECS: posgrado@fade.uncoma.edu.ar<br \/>\nWhatsApp: +5492996723981<br \/>\nM\u00e1s informaci\u00f3n: https:\/\/posgradofadecs.uncoma.edu.ar\/<\/p>\n","protected":false},"excerpt":{"rendered":"<p>Llamado a inscripciones &#8211; Curso de posgrado virtual \u201cDerecho Constitucional, Federalismo y Derecho Provincial\u201d Res. FADECS 843\/22 El Departamento de Posgrado de la\u00a0@FADECS\u00a0Universidad Nacional del Comahue informa que desde el 01\/02 hasta el 10\/03\/2023 se encontrar\u00e1 abierto el llamado a inscripciones para el Curso de posgrado: \u201cDerecho Constitucional, Federalismo y Derecho Provincial\u201d. El presente curso [&hellip;]<\/p>\n","protected":false},"author":4,"featured_media":11243,"comment_status":"open","ping_status":"open","sticky":false,"template":"","format":"standard","meta":{"footnotes":""},"categories":[5,78],"tags":[],"class_list":["post-11242","post","type-post","status-publish","format-standard","has-post-thumbnail","hentry","category-notifadecs","category-posgrado"],"_links":{"self":[{"href":"https:\/\/fadeweb.uncoma.edu.ar\/index.php\/wp-json\/wp\/v2\/posts\/11242","targetHints":{"allow":["GET"]}}],"collection":[{"href":"https:\/\/fadeweb.uncoma.edu.ar\/index.php\/wp-json\/wp\/v2\/posts"}],"about":[{"href":"https:\/\/fadeweb.uncoma.edu.ar\/index.php\/wp-json\/wp\/v2\/types\/post"}],"author":[{"embeddable":true,"href":"https:\/\/fadeweb.uncoma.edu.ar\/index.php\/wp-json\/wp\/v2\/users\/4"}],"replies":[{"embeddable":true,"href":"https:\/\/fadeweb.uncoma.edu.ar\/index.php\/wp-json\/wp\/v2\/comments?post=11242"}],"version-history":[{"count":1,"href":"https:\/\/fadeweb.uncoma.edu.ar\/index.php\/wp-json\/wp\/v2\/posts\/11242\/revisions"}],"predecessor-version":[{"id":11246,"href":"https:\/\/fadeweb.uncoma.edu.ar\/index.php\/wp-json\/wp\/v2\/posts\/11242\/revisions\/11246"}],"wp:featuredmedia":[{"embeddable":true,"href":"https:\/\/fadeweb.uncoma.edu.ar\/index.php\/wp-json\/wp\/v2\/media\/11243"}],"wp:attachment":[{"href":"https:\/\/fadeweb.uncoma.edu.ar\/index.php\/wp-json\/wp\/v2\/media?parent=11242"}],"wp:term":[{"taxonomy":"category","embeddable":true,"href":"https:\/\/fadeweb.uncoma.edu.ar\/index.php\/wp-json\/wp\/v2\/categories?post=11242"},{"taxonomy":"post_tag","embeddable":true,"href":"https:\/\/fadeweb.uncoma.edu.ar\/index.php\/wp-json\/wp\/v2\/tags?post=11242"}],"curies":[{"name":"wp","href":"https:\/\/api.w.org\/{rel}","templated":true}]}}