{"id":11177,"date":"2022-11-23T12:08:46","date_gmt":"2022-11-23T15:08:46","guid":{"rendered":"https:\/\/fadeweb.uncoma.edu.ar\/?p=11177"},"modified":"2022-11-23T14:18:30","modified_gmt":"2022-11-23T17:18:30","slug":"no-a-las-violencias-y-al-acoso-laboral","status":"publish","type":"post","link":"https:\/\/fadeweb.uncoma.edu.ar\/index.php\/2022\/11\/23\/no-a-las-violencias-y-al-acoso-laboral\/","title":{"rendered":"\u00abNO A LAS VIOLENCIAS Y AL ACOSO LABORAL\u00bb"},"content":{"rendered":"<p><img fetchpriority=\"high\" decoding=\"async\" class=\"alignnone wp-image-11178 alignleft\" src=\"https:\/\/fadeweb.uncoma.edu.ar\/wp-content\/uploads\/2022\/11\/no-al-acoso-1024x1024.jpeg\" alt=\"\" width=\"600\" height=\"600\" srcset=\"https:\/\/fadeweb.uncoma.edu.ar\/wp-content\/uploads\/2022\/11\/no-al-acoso-1024x1024.jpeg 1024w, https:\/\/fadeweb.uncoma.edu.ar\/wp-content\/uploads\/2022\/11\/no-al-acoso-300x300.jpeg 300w, https:\/\/fadeweb.uncoma.edu.ar\/wp-content\/uploads\/2022\/11\/no-al-acoso-150x150.jpeg 150w, https:\/\/fadeweb.uncoma.edu.ar\/wp-content\/uploads\/2022\/11\/no-al-acoso-768x768.jpeg 768w, https:\/\/fadeweb.uncoma.edu.ar\/wp-content\/uploads\/2022\/11\/no-al-acoso.jpeg 1280w\" sizes=\"(max-width: 600px) 100vw, 600px\" \/><\/p>\n<p>&nbsp;<\/p>\n<p>En el marco del D\u00eda Internacional de la Eliminaci\u00f3n de la Violencia contra la Mujer, el viernes 25 de noviembre, miembros de diferentes instituciones locales, sindicatos, cooperativas y movimientos sociales, nos autoconvocamos en la Plaza San Mart\u00edn de General Roca, para decirle \u00abNo a las Violencias y al Acoso Laboral\u00bb.<\/p>\n<p>La Facultad de Derecho y Ciencias Sociales de la UNCo, a trav\u00e9s de las secretar\u00edas de Extensi\u00f3n y Asuntos Estudiantiles y de Bienestar Estudiantil y el Observatorio de Personas Mayores, junto a distintas instituciones locales estar\u00e1n presentes con sus stand. Adem\u00e1s, habr\u00e1 bandas y m\u00fasicos que colaboran y participan de manera solidaria, entre ellas susy blu, tenemos toke, vocal sax, y otras\/os que se sumaron.<\/p>\n<p>Seis de cada diez personas sufren o han sufrido alg\u00fan tipo de acoso en su \u00e1mbito de trabajo. La OIT define a la violencia y acoso laboral como al conjunto de comportamientos y pr\u00e1cticas inaceptables, o de amenazas de tales comportamientos y pr\u00e1cticas, ya sea que se manifiesten una sola vez o de manera repetida, que tengan por objeto, que causen o sean susceptibles de causar un da\u00f1o f\u00edsico, psicol\u00f3gico, sexual o econ\u00f3mico e incluye la violencia y el acoso por raz\u00f3n de g\u00e9nero.<\/p>\n","protected":false},"excerpt":{"rendered":"<p>&nbsp; En el marco del D\u00eda Internacional de la Eliminaci\u00f3n de la Violencia contra la Mujer, el viernes 25 de noviembre, miembros de diferentes instituciones locales, sindicatos, cooperativas y movimientos sociales, nos autoconvocamos en la Plaza San Mart\u00edn de General Roca, para decirle \u00abNo a las Violencias y al Acoso Laboral\u00bb. La Facultad de Derecho [&hellip;]<\/p>\n","protected":false},"author":4,"featured_media":11178,"comment_status":"open","ping_status":"open","sticky":false,"template":"","format":"standard","meta":{"footnotes":""},"categories":[5,77],"tags":[],"class_list":["post-11177","post","type-post","status-publish","format-standard","has-post-thumbnail","hentry","category-notifadecs","category-violencia-de-genero"],"_links":{"self":[{"href":"https:\/\/fadeweb.uncoma.edu.ar\/index.php\/wp-json\/wp\/v2\/posts\/11177","targetHints":{"allow":["GET"]}}],"collection":[{"href":"https:\/\/fadeweb.uncoma.edu.ar\/index.php\/wp-json\/wp\/v2\/posts"}],"about":[{"href":"https:\/\/fadeweb.uncoma.edu.ar\/index.php\/wp-json\/wp\/v2\/types\/post"}],"author":[{"embeddable":true,"href":"https:\/\/fadeweb.uncoma.edu.ar\/index.php\/wp-json\/wp\/v2\/users\/4"}],"replies":[{"embeddable":true,"href":"https:\/\/fadeweb.uncoma.edu.ar\/index.php\/wp-json\/wp\/v2\/comments?post=11177"}],"version-history":[{"count":1,"href":"https:\/\/fadeweb.uncoma.edu.ar\/index.php\/wp-json\/wp\/v2\/posts\/11177\/revisions"}],"predecessor-version":[{"id":11179,"href":"https:\/\/fadeweb.uncoma.edu.ar\/index.php\/wp-json\/wp\/v2\/posts\/11177\/revisions\/11179"}],"wp:featuredmedia":[{"embeddable":true,"href":"https:\/\/fadeweb.uncoma.edu.ar\/index.php\/wp-json\/wp\/v2\/media\/11178"}],"wp:attachment":[{"href":"https:\/\/fadeweb.uncoma.edu.ar\/index.php\/wp-json\/wp\/v2\/media?parent=11177"}],"wp:term":[{"taxonomy":"category","embeddable":true,"href":"https:\/\/fadeweb.uncoma.edu.ar\/index.php\/wp-json\/wp\/v2\/categories?post=11177"},{"taxonomy":"post_tag","embeddable":true,"href":"https:\/\/fadeweb.uncoma.edu.ar\/index.php\/wp-json\/wp\/v2\/tags?post=11177"}],"curies":[{"name":"wp","href":"https:\/\/api.w.org\/{rel}","templated":true}]}}