{"id":11142,"date":"2020-03-30T13:09:09","date_gmt":"2020-03-30T16:09:09","guid":{"rendered":"https:\/\/fadeweb.uncoma.edu.ar\/?p=11142"},"modified":"2022-11-23T13:10:05","modified_gmt":"2022-11-23T16:10:05","slug":"convocatoria-covid-19-nueva-convocatoria-ideas-proyecto-ip-de-agencia-idi-a-c-tya","status":"publish","type":"post","link":"https:\/\/fadeweb.uncoma.edu.ar\/index.php\/2020\/03\/30\/convocatoria-covid-19-nueva-convocatoria-ideas-proyecto-ip-de-agencia-idi-a-c-tya\/","title":{"rendered":"Convocatoria COVID-19 &#8211; NUEVA CONVOCATORIA Ideas-Proyecto (IP) DE AGENCIA I+D+I ( A C.TyA)"},"content":{"rendered":"<p class=\"subt1\"><img fetchpriority=\"high\" decoding=\"async\" class=\"alignnone size-large wp-image-11143\" src=\"https:\/\/fadeweb.uncoma.edu.ar\/wp-content\/uploads\/2022\/11\/MinCyT-COVID-19-1024x231.png\" alt=\"\" width=\"800\" height=\"180\" srcset=\"https:\/\/fadeweb.uncoma.edu.ar\/wp-content\/uploads\/2022\/11\/MinCyT-COVID-19-1024x231.png 1024w, https:\/\/fadeweb.uncoma.edu.ar\/wp-content\/uploads\/2022\/11\/MinCyT-COVID-19-300x68.png 300w, https:\/\/fadeweb.uncoma.edu.ar\/wp-content\/uploads\/2022\/11\/MinCyT-COVID-19-768x173.png 768w, https:\/\/fadeweb.uncoma.edu.ar\/wp-content\/uploads\/2022\/11\/MinCyT-COVID-19-1536x346.png 1536w, https:\/\/fadeweb.uncoma.edu.ar\/wp-content\/uploads\/2022\/11\/MinCyT-COVID-19.png 1889w\" sizes=\"(max-width: 800px) 100vw, 800px\" \/><\/p>\n<p class=\"texto\">La Agencia Nacional de Promoci\u00f3n de la Investigaci\u00f3n, el Desarrollo Tecnol\u00f3gico y la Innovaci\u00f3n (Agencia I+D+i) destinar\u00e1 m\u00e1s de 300 millones de pesos en esta nueva convocatoria de Ideas-Proyecto (IP) con la finalidad de seleccionar las de mayor inter\u00e9s para la formulaci\u00f3n y financiamiento de proyectos de investigaci\u00f3n, desarrollo e innovaci\u00f3n orientados a mejorar la capacidad nacional de respuesta a la Pandemia en el pa\u00eds.<\/p>\n<p class=\"texto\">A partir de hoy se podr\u00e1n presentar proyectos vinculados al diagn\u00f3stico, el control, la prevenci\u00f3n, el tratamiento, el monitoreo y\/u otros aspectos relacionados al COVID-19. La selecci\u00f3n y evaluaci\u00f3n de las IP estar\u00e1 a cargo de una Comisi\u00f3n Ad Hoc integrada por personal de la Unidad Coronavirus: Ministerio de Ciencia, Tecnolog\u00eda e Innovaci\u00f3n, Agencia I+D+i y Consejo Nacional de Investigaciones Cient\u00edficas y T\u00e9cnicas (CONICET) y los expertos pertinentes.<\/p>\n<p class=\"texto\">El objetivo de la convocatoria es promover Proyectos de Investigaci\u00f3n y\/o Desarrollo Tecnol\u00f3gico y\/o Innovaci\u00f3n en el que participen beneficiarios que tengan proyectos adjudicados por Agencia I+D+i o financiamiento de otras instituciones del Sistema de Ciencia y Tecnolog\u00eda. Se recibir\u00e1n propuestas hasta el 10 de abril y cada una podr\u00e1 solicitar fondos por una suma m\u00e1xima en pesos equivalente a US$ 100.000.<\/p>\n<p class=\"texto\">Al momento de la selecci\u00f3n, se priorizar\u00e1 aquellos proyectos que se propongan obtener resultados dentro de los primeros 60 d\u00edas, pero ser\u00e1n de igual inter\u00e9s aquellos que puedan generar soluciones en los pr\u00f3ximos seis meses. El l\u00edmite de duraci\u00f3n de las iniciativas no debe superar el a\u00f1o de ejecuci\u00f3n.<\/p>\n<p class=\"texto\">La convocatoria estar\u00e1 abierta a partir del d\u00eda 27 de marzo del 2020 y cerrar\u00e1 el 10 de abril de 2020, a las 12:00 horas.<\/p>\n<p>&nbsp;<\/p>\n<p class=\"texto\">Para ingresar a la convocatoria el link es <a href=\"https:\/\/www.argentina.gob.ar\/ciencia\/agencia\/acciones-sobre-covid-19\/covid-19-convocatoria\">https:\/\/www.argentina.gob.ar\/ciencia\/agencia\/acciones-sobre-covid-19\/covid-19-convocatoria<\/a><\/p>\n<p>&nbsp;<\/p>\n<p class=\"texto\">M\u00e1s informaci\u00f3n Acciones sobre COVID-19 en <a href=\"https:\/\/www.argentina.gob.ar\/ciencia\/agencia\/acciones-sobre-covid-19-0\">https:\/\/www.argentina.gob.ar\/ciencia\/agencia\/acciones-sobre-covid-19-0<\/a><\/p>\n","protected":false},"excerpt":{"rendered":"<p>La Agencia Nacional de Promoci\u00f3n de la Investigaci\u00f3n, el Desarrollo Tecnol\u00f3gico y la Innovaci\u00f3n (Agencia I+D+i) destinar\u00e1 m\u00e1s de 300 millones de pesos en esta nueva convocatoria de Ideas-Proyecto (IP) con la finalidad de seleccionar las de mayor inter\u00e9s para la formulaci\u00f3n y financiamiento de proyectos de investigaci\u00f3n, desarrollo e innovaci\u00f3n orientados a mejorar la [&hellip;]<\/p>\n","protected":false},"author":2,"featured_media":11143,"comment_status":"open","ping_status":"open","sticky":false,"template":"","format":"standard","meta":{"footnotes":""},"categories":[39,5],"tags":[],"class_list":["post-11142","post","type-post","status-publish","format-standard","has-post-thumbnail","hentry","category-39","category-notifadecs"],"_links":{"self":[{"href":"https:\/\/fadeweb.uncoma.edu.ar\/index.php\/wp-json\/wp\/v2\/posts\/11142","targetHints":{"allow":["GET"]}}],"collection":[{"href":"https:\/\/fadeweb.uncoma.edu.ar\/index.php\/wp-json\/wp\/v2\/posts"}],"about":[{"href":"https:\/\/fadeweb.uncoma.edu.ar\/index.php\/wp-json\/wp\/v2\/types\/post"}],"author":[{"embeddable":true,"href":"https:\/\/fadeweb.uncoma.edu.ar\/index.php\/wp-json\/wp\/v2\/users\/2"}],"replies":[{"embeddable":true,"href":"https:\/\/fadeweb.uncoma.edu.ar\/index.php\/wp-json\/wp\/v2\/comments?post=11142"}],"version-history":[{"count":1,"href":"https:\/\/fadeweb.uncoma.edu.ar\/index.php\/wp-json\/wp\/v2\/posts\/11142\/revisions"}],"predecessor-version":[{"id":11144,"href":"https:\/\/fadeweb.uncoma.edu.ar\/index.php\/wp-json\/wp\/v2\/posts\/11142\/revisions\/11144"}],"wp:featuredmedia":[{"embeddable":true,"href":"https:\/\/fadeweb.uncoma.edu.ar\/index.php\/wp-json\/wp\/v2\/media\/11143"}],"wp:attachment":[{"href":"https:\/\/fadeweb.uncoma.edu.ar\/index.php\/wp-json\/wp\/v2\/media?parent=11142"}],"wp:term":[{"taxonomy":"category","embeddable":true,"href":"https:\/\/fadeweb.uncoma.edu.ar\/index.php\/wp-json\/wp\/v2\/categories?post=11142"},{"taxonomy":"post_tag","embeddable":true,"href":"https:\/\/fadeweb.uncoma.edu.ar\/index.php\/wp-json\/wp\/v2\/tags?post=11142"}],"curies":[{"name":"wp","href":"https:\/\/api.w.org\/{rel}","templated":true}]}}