{"id":11103,"date":"2022-11-23T12:38:13","date_gmt":"2022-11-23T15:38:13","guid":{"rendered":"https:\/\/fadeweb.uncoma.edu.ar\/?p=11103"},"modified":"2022-11-23T12:38:13","modified_gmt":"2022-11-23T15:38:13","slug":"servicio-social-presento-experiencias-de-residencia-institucional","status":"publish","type":"post","link":"https:\/\/fadeweb.uncoma.edu.ar\/index.php\/2022\/11\/23\/servicio-social-presento-experiencias-de-residencia-institucional\/","title":{"rendered":"SERVICIO SOCIAL PRESENT\u00d3 EXPERIENCIAS DE RESIDENCIA INSTITUCIONAL"},"content":{"rendered":"<p><img fetchpriority=\"high\" decoding=\"async\" class=\"alignnone wp-image-11101\" src=\"https:\/\/fadeweb.uncoma.edu.ar\/wp-content\/uploads\/2022\/11\/Practica-del-Seminario-de-Servicio-Social-con-Residencia-Institucional-1-1024x1024.jpeg\" alt=\"\" width=\"600\" height=\"600\" srcset=\"https:\/\/fadeweb.uncoma.edu.ar\/wp-content\/uploads\/2022\/11\/Practica-del-Seminario-de-Servicio-Social-con-Residencia-Institucional-1-1024x1024.jpeg 1024w, https:\/\/fadeweb.uncoma.edu.ar\/wp-content\/uploads\/2022\/11\/Practica-del-Seminario-de-Servicio-Social-con-Residencia-Institucional-1-300x300.jpeg 300w, https:\/\/fadeweb.uncoma.edu.ar\/wp-content\/uploads\/2022\/11\/Practica-del-Seminario-de-Servicio-Social-con-Residencia-Institucional-1-150x150.jpeg 150w, https:\/\/fadeweb.uncoma.edu.ar\/wp-content\/uploads\/2022\/11\/Practica-del-Seminario-de-Servicio-Social-con-Residencia-Institucional-1-768x768.jpeg 768w, https:\/\/fadeweb.uncoma.edu.ar\/wp-content\/uploads\/2022\/11\/Practica-del-Seminario-de-Servicio-Social-con-Residencia-Institucional-1.jpeg 1280w\" sizes=\"(max-width: 600px) 100vw, 600px\" \/><img decoding=\"async\" class=\"alignnone wp-image-11102\" src=\"https:\/\/fadeweb.uncoma.edu.ar\/wp-content\/uploads\/2022\/11\/Practica-del-Seminario-de-Servicio-Social-con-Residencia-Institucional-1024x576.jpeg\" alt=\"\" width=\"600\" height=\"338\" srcset=\"https:\/\/fadeweb.uncoma.edu.ar\/wp-content\/uploads\/2022\/11\/Practica-del-Seminario-de-Servicio-Social-con-Residencia-Institucional-1024x576.jpeg 1024w, https:\/\/fadeweb.uncoma.edu.ar\/wp-content\/uploads\/2022\/11\/Practica-del-Seminario-de-Servicio-Social-con-Residencia-Institucional-300x169.jpeg 300w, https:\/\/fadeweb.uncoma.edu.ar\/wp-content\/uploads\/2022\/11\/Practica-del-Seminario-de-Servicio-Social-con-Residencia-Institucional-768x432.jpeg 768w, https:\/\/fadeweb.uncoma.edu.ar\/wp-content\/uploads\/2022\/11\/Practica-del-Seminario-de-Servicio-Social-con-Residencia-Institucional.jpeg 1280w\" sizes=\"(max-width: 600px) 100vw, 600px\" \/><\/p>\n<p>Se realiz\u00f3 la presentaci\u00f3n de las experiencias de Pr\u00e1ctica del Seminario de Servicio Social con Residencia Institucional C\u00e1tedra I de la Carrera de Servicio Social en CLAVE Intervenciones Sociales en situaciones institucionales complejas. El encuentro tuvo lugar en el auditorio el martes 22 de noviembre, con la presencia del equipo docente integrado por Mery Catrileo Salazar, Cristian Sebastian G\u00f3mez y Magali Zanini.<br \/>\nLas experiencias de Residencia se agruparon en cuatro paneles, con pr\u00e1cticas realizadas en las provincias de R\u00edo Negro y Neuqu\u00e9n, y fue coordinado por les estudiantes de los dos m\u00f3dulos de la Carrera de Trabajo Social. El encuentro permiti\u00f3 problematizar y reflexionar en torno a las diferentes experiencias de ejercicio pre-profesional con tutor\u00edas institucionales y pedag\u00f3gicas; las intervenciones sociales en situaciones institucionales complejas; los nuevos escenarios y campos organizacionales donde es necesario incorporar la mirada profesional y la intervenci\u00f3n social; y la problematizaci\u00f3n en torno al dise\u00f1o y ejecuci\u00f3n de pol\u00edticas p\u00fablicas en funci\u00f3n de la investigaci\u00f3n y las pr\u00e1cticas realizadas.<br \/>\nLos paneles fueron los siguientes:<br \/>\nPanel 1: Consumo Problem\u00e1tico.<br \/>\n1.1 Secretaria de Desarrollo Humano, de Allen &#8211; Programa CRAIA (Centros Rionegrinos de Abordaje Integral de las Adicciones): Cyntia Gonzales<br \/>\n1.2 Ministerio de infancias adolescencias juventudes y Ciudadan\u00eda, de Neuqu\u00e9n; en el Observatorio de Consumo Problem\u00e1tico: Aldana Godoy, Damaris Karst, Daiana Diaz y Celeste Inostroza.<\/p>\n<p>Panel 2: Violencia, G\u00e9nero y Diversidad.<br \/>\n2.1 Secretaria de Desarrollo Humano, de Allen: en Dpto. de G\u00e9nero, Violencia y Diversidad: Maximiliano Sosa.<br \/>\n2.2 Ministerio de las Mujeres y Diversidad, de Neuqu\u00e9n, en L\u00ednea 148: Mercedes Carrizo y Valent\u00edn Gregorio.<br \/>\n2.3 Sub-Secretaria de las Mujeres, de Neuqu\u00e9n: Luciana Barros, Flavia Heidel, Ailen Valdez y Juliana G\u00f3mez.<\/p>\n<p>Panel 3: Experiencias en Salud y Educaci\u00f3n Integral<br \/>\n3.1 Secretaria de Desarrollo Humano, de Allen, CDIM \u201cTopo Gigio\u201d: Isabel Carrasco y Bel\u00e9n Jara.<br \/>\n3.2 Escuela de Educaci\u00f3n Especial N\u00b0 5, Villa Regina, en el Equipo T\u00e9cnico- Profesional: Gabriela Mart\u00ednez.<br \/>\n3.3 Hospital Dr. Carlos Alberto Ratti, Ingeniero Huergo, Dpto. de Servicio Social: Roc\u00edo Castillo y Sabrina Dom\u00ednguez.<\/p>\n<p>Panel 4. Experiencias en Justicia<br \/>\n4.1 Tribunal Superior de Justicia; Juzgados de Paz, de Neuqu\u00e9n: Roxana Mari\u00f1anco, Paula Zu\u00f1iga, Lucia Morel, Cinthia Perez, Alicia Henriquez y Jimena Vazquez.<\/p>\n","protected":false},"excerpt":{"rendered":"<p>Se realiz\u00f3 la presentaci\u00f3n de las experiencias de Pr\u00e1ctica del Seminario de Servicio Social con Residencia Institucional C\u00e1tedra I de la Carrera de Servicio Social en CLAVE Intervenciones Sociales en situaciones institucionales complejas. El encuentro tuvo lugar en el auditorio el martes 22 de noviembre, con la presencia del equipo docente integrado por Mery Catrileo [&hellip;]<\/p>\n","protected":false},"author":4,"featured_media":11102,"comment_status":"open","ping_status":"open","sticky":false,"template":"","format":"standard","meta":{"footnotes":""},"categories":[5,63],"tags":[],"class_list":["post-11103","post","type-post","status-publish","format-standard","has-post-thumbnail","hentry","category-notifadecs","category-trabajo-social"],"_links":{"self":[{"href":"https:\/\/fadeweb.uncoma.edu.ar\/index.php\/wp-json\/wp\/v2\/posts\/11103","targetHints":{"allow":["GET"]}}],"collection":[{"href":"https:\/\/fadeweb.uncoma.edu.ar\/index.php\/wp-json\/wp\/v2\/posts"}],"about":[{"href":"https:\/\/fadeweb.uncoma.edu.ar\/index.php\/wp-json\/wp\/v2\/types\/post"}],"author":[{"embeddable":true,"href":"https:\/\/fadeweb.uncoma.edu.ar\/index.php\/wp-json\/wp\/v2\/users\/4"}],"replies":[{"embeddable":true,"href":"https:\/\/fadeweb.uncoma.edu.ar\/index.php\/wp-json\/wp\/v2\/comments?post=11103"}],"version-history":[{"count":1,"href":"https:\/\/fadeweb.uncoma.edu.ar\/index.php\/wp-json\/wp\/v2\/posts\/11103\/revisions"}],"predecessor-version":[{"id":11109,"href":"https:\/\/fadeweb.uncoma.edu.ar\/index.php\/wp-json\/wp\/v2\/posts\/11103\/revisions\/11109"}],"wp:featuredmedia":[{"embeddable":true,"href":"https:\/\/fadeweb.uncoma.edu.ar\/index.php\/wp-json\/wp\/v2\/media\/11102"}],"wp:attachment":[{"href":"https:\/\/fadeweb.uncoma.edu.ar\/index.php\/wp-json\/wp\/v2\/media?parent=11103"}],"wp:term":[{"taxonomy":"category","embeddable":true,"href":"https:\/\/fadeweb.uncoma.edu.ar\/index.php\/wp-json\/wp\/v2\/categories?post=11103"},{"taxonomy":"post_tag","embeddable":true,"href":"https:\/\/fadeweb.uncoma.edu.ar\/index.php\/wp-json\/wp\/v2\/tags?post=11103"}],"curies":[{"name":"wp","href":"https:\/\/api.w.org\/{rel}","templated":true}]}}