{"id":11072,"date":"2022-11-23T14:19:35","date_gmt":"2022-11-23T17:19:35","guid":{"rendered":"https:\/\/fadeweb.uncoma.edu.ar\/?p=11072"},"modified":"2022-11-23T14:20:32","modified_gmt":"2022-11-23T17:20:32","slug":"el-decano-de-la-fadecs-recibio-al-gremio-apunc","status":"publish","type":"post","link":"https:\/\/fadeweb.uncoma.edu.ar\/index.php\/2022\/11\/23\/el-decano-de-la-fadecs-recibio-al-gremio-apunc\/","title":{"rendered":"EL DECANO DE LA FADECS RECIBI\u00d3 AL GREMIO APUNC"},"content":{"rendered":"<p><img fetchpriority=\"high\" decoding=\"async\" class=\"wp-image-11073 alignleft\" src=\"https:\/\/fadeweb.uncoma.edu.ar\/wp-content\/uploads\/2022\/11\/decano-apunc-1024x929.jpeg\" alt=\"\" width=\"662\" height=\"600\" srcset=\"https:\/\/fadeweb.uncoma.edu.ar\/wp-content\/uploads\/2022\/11\/decano-apunc-1024x929.jpeg 1024w, https:\/\/fadeweb.uncoma.edu.ar\/wp-content\/uploads\/2022\/11\/decano-apunc-300x272.jpeg 300w, https:\/\/fadeweb.uncoma.edu.ar\/wp-content\/uploads\/2022\/11\/decano-apunc-768x696.jpeg 768w, https:\/\/fadeweb.uncoma.edu.ar\/wp-content\/uploads\/2022\/11\/decano-apunc.jpeg 1181w\" sizes=\"(max-width: 662px) 100vw, 662px\" \/>El Decano de la Facultad de Derecho y Ciencias Sociales Abog. Mg. Juan Carlos Fern\u00e1ndez y referentes de la Comisi\u00f3n Directiva de APUNC mantuvieron el martes 22 de noviembre, el primer encuentro en el marco de la actual gesti\u00f3n decanal. La recepci\u00f3n tuvo lugar en la sede de la unidad acad\u00e9mica de la ciudad de Neuqu\u00e9n, y en la misma se analizaron las visiones de las y los participantes sobre distintos aspectos estructurales de la vida no docente en nuestra facultad y en la UNCo.<\/p>\n","protected":false},"excerpt":{"rendered":"<p>El Decano de la Facultad de Derecho y Ciencias Sociales Abog. Mg. Juan Carlos Fern\u00e1ndez y referentes de la Comisi\u00f3n Directiva de APUNC mantuvieron el martes 22 de noviembre, el primer encuentro en el marco de la actual gesti\u00f3n decanal. La recepci\u00f3n tuvo lugar en la sede de la unidad acad\u00e9mica de la ciudad de [&hellip;]<\/p>\n","protected":false},"author":4,"featured_media":11073,"comment_status":"open","ping_status":"open","sticky":false,"template":"","format":"standard","meta":{"footnotes":""},"categories":[84,53,5],"tags":[],"class_list":["post-11072","post","type-post","status-publish","format-standard","has-post-thumbnail","hentry","category-apunc","category-decano","category-notifadecs"],"_links":{"self":[{"href":"https:\/\/fadeweb.uncoma.edu.ar\/index.php\/wp-json\/wp\/v2\/posts\/11072","targetHints":{"allow":["GET"]}}],"collection":[{"href":"https:\/\/fadeweb.uncoma.edu.ar\/index.php\/wp-json\/wp\/v2\/posts"}],"about":[{"href":"https:\/\/fadeweb.uncoma.edu.ar\/index.php\/wp-json\/wp\/v2\/types\/post"}],"author":[{"embeddable":true,"href":"https:\/\/fadeweb.uncoma.edu.ar\/index.php\/wp-json\/wp\/v2\/users\/4"}],"replies":[{"embeddable":true,"href":"https:\/\/fadeweb.uncoma.edu.ar\/index.php\/wp-json\/wp\/v2\/comments?post=11072"}],"version-history":[{"count":1,"href":"https:\/\/fadeweb.uncoma.edu.ar\/index.php\/wp-json\/wp\/v2\/posts\/11072\/revisions"}],"predecessor-version":[{"id":11074,"href":"https:\/\/fadeweb.uncoma.edu.ar\/index.php\/wp-json\/wp\/v2\/posts\/11072\/revisions\/11074"}],"wp:featuredmedia":[{"embeddable":true,"href":"https:\/\/fadeweb.uncoma.edu.ar\/index.php\/wp-json\/wp\/v2\/media\/11073"}],"wp:attachment":[{"href":"https:\/\/fadeweb.uncoma.edu.ar\/index.php\/wp-json\/wp\/v2\/media?parent=11072"}],"wp:term":[{"taxonomy":"category","embeddable":true,"href":"https:\/\/fadeweb.uncoma.edu.ar\/index.php\/wp-json\/wp\/v2\/categories?post=11072"},{"taxonomy":"post_tag","embeddable":true,"href":"https:\/\/fadeweb.uncoma.edu.ar\/index.php\/wp-json\/wp\/v2\/tags?post=11072"}],"curies":[{"name":"wp","href":"https:\/\/api.w.org\/{rel}","templated":true}]}}