{"id":1097,"date":"2014-07-21T08:10:47","date_gmt":"2014-07-21T11:10:47","guid":{"rendered":"https:\/\/d1849684482.wordpress.com\/?p=1097"},"modified":"2014-07-21T08:10:47","modified_gmt":"2014-07-21T11:10:47","slug":"seminario-de-posgrado-en-teorias-de-la-comunicacion","status":"publish","type":"post","link":"https:\/\/fadeweb.uncoma.edu.ar\/index.php\/2014\/07\/21\/seminario-de-posgrado-en-teorias-de-la-comunicacion\/","title":{"rendered":"SEMINARIO DE POSGRADO EN TEOR\u00cdAS DE LA COMUNICACI\u00d3N"},"content":{"rendered":"<p><img fetchpriority=\"high\" decoding=\"async\" class=\"alignleft wp-image-1099 size-full\" src=\"https:\/\/fadeweb.uncoma.edu.ar\/wp-content\/uploads\/2022\/06\/teorias-comunicacion.jpg\" alt=\"\" width=\"410\" height=\"615\" srcset=\"https:\/\/fadeweb.uncoma.edu.ar\/wp-content\/uploads\/2022\/06\/teorias-comunicacion.jpg 410w, https:\/\/fadeweb.uncoma.edu.ar\/wp-content\/uploads\/2022\/06\/teorias-comunicacion-200x300.jpg 200w\" sizes=\"(max-width: 410px) 100vw, 410px\" \/>El pr\u00f3ximo 22 y 23 de agosto se realizar\u00e1 en la \u00a0FADECS el seminario de posgrado sobre \u201cTeor\u00edas de la Comunicaci\u00f3n. Corrientes, escuelas y problemas. Reproducci\u00f3n, praxis y subjetividad\u201d, que estar\u00e1 a cargo de la doctora Vanina Papalini.<\/p>\n<p>El curso estar\u00e1 destinado principalmente a comunicadores sociales, periodistas, soci\u00f3logos, abogados y cientistas sociales. Los inscriptos deber\u00e1n poseer t\u00edtulo de grado expedido por Universidades nacionales o privadas o instituciones acreditadas del extranjero.<\/p>\n<p>Se trata de otra iniciativa que se inscribe en el marco del Programa de Posgrado en \u201cComunicaci\u00f3n y Cultura Contempor\u00e1neas\u201d en el que viene trabajando el Departamento de Comunicaci\u00f3n Social desde principios de 2013, y que se inici\u00f3 con los seminarios de Graciela Natansohn, Guillermo Mastrini y el m\u00e1s reciente del doctor Pablo Molina.<\/p>\n<p>Este seminarios, como los anteriores, ser\u00e1 acreditable en la carrera de Especializaci\u00f3n en Comunicaci\u00f3n y Culturas Contempor\u00e1neas, que est\u00e1 en tr\u00e1mite de aprobaci\u00f3n.<\/p>\n<p>El curso tendr\u00e1 una duraci\u00f3n de 40 horas y se dictar\u00e1 durante el viernes 22 y el s\u00e1bado 23 de agosto en los siguientes horarios:<\/p>\n<ul>\n<li>Viernes 22: De 14 a 21 hs<\/li>\n<li>S\u00e1bado 23: De 9 a 13 y de 14 a 18 hs.<\/li>\n<\/ul>\n<p>Los y las inscriptas podr\u00e1n tener un certificado de \u201casistencia\u201d o de \u201caprobaci\u00f3n\u201d del curso, seg\u00fan hayan realizado y aprobado el trabajo final que determine la profesora.<\/p>\n<p>El seminario cuenta con la aprobaci\u00f3n del Consejo Directivo de la Facultad de Derecho y Ciencias Sociales de la \u00a0FADECS, y est\u00e1 en tr\u00e1mite la declaraci\u00f3n de Inter\u00e9s Educativo por parte del ministerio de Educaci\u00f3n y Derechos Humanos de la provincia de R\u00edo Negro.<\/p>\n<p>Tiene un cupo de 40 personas.<\/p>\n<blockquote><p>Papalini es doctora en Ciencias Sociales (UBA); doctora en Ciencias de la Informaci\u00f3n y la Comunicaci\u00f3n (Universidad de Paris 8. Director: Armand Mattelart) y Magister en Comunicaci\u00f3n y Cultura Contempor\u00e1nea (Universidad Nacional de C\u00f3rdoba. Es investigadora independiente del CONICET desde el 1\u00ba de enero de 2014. Profesora titular interina de Metodolog\u00eda de la Investigaci\u00f3n en Ciencias Sociales (UNC); Coordinadora del Doctorado en Comunicaci\u00f3n Social, Escuela de Ciencias de la Informaci\u00f3n, Facultad de Derecho y Ciencias Sociales, Universidad Nacional de C\u00f3rdoba. Directora de la revista Astrolabio. Nueva \u00c9poca. Centro de Investigaciones y Estudios sobre Cultura y Sociedad. CONICET-UNC y directora del Programa de Investigaci\u00f3n \u201cTransformaciones culturales contempor\u00e1neas\u201d. Centro de Investigaciones y Estudios sobre Cultura y Sociedad, Unidad Ejecutora del CONICET-Centro de Estudios Avanzado, Unidad Acad\u00e9mica de la Universidad Nacional de C\u00f3rdoba.<\/p><\/blockquote>\n<p>M\u00e1s informaci\u00f3n: Direcci\u00f3n de Posgrado \u00a0FADECS<br \/>\nFacultad de Derecho y Ciencias Sociales<br \/>\nTel: 0298 4430205<br \/>\n0298 4433670\/668 int. 12<br \/>\npostgradofade@hotmail.com<br \/>\nMendoza y Per\u00fa.<br \/>\n(8332) General Roca, R\u00edo Negro, Argentina<\/p>\n","protected":false},"excerpt":{"rendered":"<p>El pr\u00f3ximo 22 y 23 de agosto se realizar\u00e1 en la \u00a0FADECS el seminario de posgrado sobre \u201cTeor\u00edas de la Comunicaci\u00f3n. Corrientes, escuelas y problemas. Reproducci\u00f3n, praxis y subjetividad\u201d, que estar\u00e1 a cargo de la doctora Vanina Papalini. El curso estar\u00e1 destinado principalmente a comunicadores sociales, periodistas, soci\u00f3logos, abogados y cientistas sociales. Los inscriptos deber\u00e1n [&hellip;]<\/p>\n","protected":false},"author":2,"featured_media":0,"comment_status":"open","ping_status":"open","sticky":false,"template":"","format":"standard","meta":{"footnotes":""},"categories":[9,5],"tags":[],"class_list":["post-1097","post","type-post","status-publish","format-standard","hentry","category-9","category-notifadecs"],"_links":{"self":[{"href":"https:\/\/fadeweb.uncoma.edu.ar\/index.php\/wp-json\/wp\/v2\/posts\/1097","targetHints":{"allow":["GET"]}}],"collection":[{"href":"https:\/\/fadeweb.uncoma.edu.ar\/index.php\/wp-json\/wp\/v2\/posts"}],"about":[{"href":"https:\/\/fadeweb.uncoma.edu.ar\/index.php\/wp-json\/wp\/v2\/types\/post"}],"author":[{"embeddable":true,"href":"https:\/\/fadeweb.uncoma.edu.ar\/index.php\/wp-json\/wp\/v2\/users\/2"}],"replies":[{"embeddable":true,"href":"https:\/\/fadeweb.uncoma.edu.ar\/index.php\/wp-json\/wp\/v2\/comments?post=1097"}],"version-history":[{"count":0,"href":"https:\/\/fadeweb.uncoma.edu.ar\/index.php\/wp-json\/wp\/v2\/posts\/1097\/revisions"}],"wp:attachment":[{"href":"https:\/\/fadeweb.uncoma.edu.ar\/index.php\/wp-json\/wp\/v2\/media?parent=1097"}],"wp:term":[{"taxonomy":"category","embeddable":true,"href":"https:\/\/fadeweb.uncoma.edu.ar\/index.php\/wp-json\/wp\/v2\/categories?post=1097"},{"taxonomy":"post_tag","embeddable":true,"href":"https:\/\/fadeweb.uncoma.edu.ar\/index.php\/wp-json\/wp\/v2\/tags?post=1097"}],"curies":[{"name":"wp","href":"https:\/\/api.w.org\/{rel}","templated":true}]}}