{"id":10832,"date":"2020-04-27T07:46:43","date_gmt":"2020-04-27T10:46:43","guid":{"rendered":"https:\/\/fadeweb.uncoma.edu.ar\/?p=10832"},"modified":"2022-11-16T07:47:12","modified_gmt":"2022-11-16T10:47:12","slug":"charlas-abiertas-sobre-acceso-a-la-justicia-en-vivo-por-streaming","status":"publish","type":"post","link":"https:\/\/fadeweb.uncoma.edu.ar\/index.php\/2020\/04\/27\/charlas-abiertas-sobre-acceso-a-la-justicia-en-vivo-por-streaming\/","title":{"rendered":"CHARLAS ABIERTAS SOBRE ACCESO A LA JUSTICIA EN VIVO POR STREAMING"},"content":{"rendered":"<p><img fetchpriority=\"high\" decoding=\"async\" class=\"alignnone size-full wp-image-10833\" src=\"https:\/\/fadeweb.uncoma.edu.ar\/wp-content\/uploads\/2022\/11\/laino.jpg\" alt=\"\" width=\"595\" height=\"595\" srcset=\"https:\/\/fadeweb.uncoma.edu.ar\/wp-content\/uploads\/2022\/11\/laino.jpg 595w, https:\/\/fadeweb.uncoma.edu.ar\/wp-content\/uploads\/2022\/11\/laino-300x300.jpg 300w, https:\/\/fadeweb.uncoma.edu.ar\/wp-content\/uploads\/2022\/11\/laino-150x150.jpg 150w\" sizes=\"(max-width: 595px) 100vw, 595px\" \/><\/p>\n<p>La Coordinaci\u00f3n de Comunicaci\u00f3n Institucional, Prensa y Relaciones con la Comunidad de la Defensor\u00eda General de la Naci\u00f3n (DGN) organiza, en el contexto del aislamiento social preventivo y obligatorio, una serie de charlas sobre distintas tem\u00e1ticas relativas al acceso a la justicia y a la defensa de los derechos fundamentales, en especial de los sectores m\u00e1s vulnerables de la sociedad.<\/p>\n<p>El pr\u00f3ximo lunes 27 de abril, a las 16 horas se realizar\u00e1 el segundo encuentro del ciclo con un di\u00e1logo entre el director del Observatorio del Sistema Penal y los Derechos Humanos en la Universidad de Barcelona, I\u00f1aki Rivera Beiras y el defensor p\u00fablico oficial y co-titular del Programa contra la Violencia Institucional de la DGN, Nicol\u00e1s Laino; donde tocar\u00e1n temas relativos a los desaf\u00edos para los\/as defensores\/as de derechos humanos de las personas privadas de libertad en el contexto de la actual pandemia mundial por el Covid-19. La charla podr\u00e1 seguirse en vivo por las cuentas de Instagram\u00a0<a href=\"https:\/\/www.instagram.com\/Mpdargentina\/\">@Mpdargentina<\/a>\u00a0y\u00a0<a href=\"https:\/\/www.instagram.com\/sirecovi\/\">@sirecovi<\/a>.<\/p>\n<p>Esta iniciativa es parte de la campa\u00f1a \u00abDefensa P\u00fablica. Garant\u00eda de Acceso a la Justicia\u00bb, a la que convoc\u00f3 la defensora general de la Naci\u00f3n, Stella Maris Mart\u00ednez, mediante la Resoluci\u00f3n DGN N\u00ba 908\/2019.<\/p>\n","protected":false},"excerpt":{"rendered":"<p>La Coordinaci\u00f3n de Comunicaci\u00f3n Institucional, Prensa y Relaciones con la Comunidad de la Defensor\u00eda General de la Naci\u00f3n (DGN) organiza, en el contexto del aislamiento social preventivo y obligatorio, una serie de charlas sobre distintas tem\u00e1ticas relativas al acceso a la justicia y a la defensa de los derechos fundamentales, en especial de los sectores [&hellip;]<\/p>\n","protected":false},"author":2,"featured_media":10833,"comment_status":"open","ping_status":"open","sticky":false,"template":"","format":"standard","meta":{"footnotes":""},"categories":[39,5],"tags":[],"class_list":["post-10832","post","type-post","status-publish","format-standard","has-post-thumbnail","hentry","category-39","category-notifadecs"],"_links":{"self":[{"href":"https:\/\/fadeweb.uncoma.edu.ar\/index.php\/wp-json\/wp\/v2\/posts\/10832","targetHints":{"allow":["GET"]}}],"collection":[{"href":"https:\/\/fadeweb.uncoma.edu.ar\/index.php\/wp-json\/wp\/v2\/posts"}],"about":[{"href":"https:\/\/fadeweb.uncoma.edu.ar\/index.php\/wp-json\/wp\/v2\/types\/post"}],"author":[{"embeddable":true,"href":"https:\/\/fadeweb.uncoma.edu.ar\/index.php\/wp-json\/wp\/v2\/users\/2"}],"replies":[{"embeddable":true,"href":"https:\/\/fadeweb.uncoma.edu.ar\/index.php\/wp-json\/wp\/v2\/comments?post=10832"}],"version-history":[{"count":1,"href":"https:\/\/fadeweb.uncoma.edu.ar\/index.php\/wp-json\/wp\/v2\/posts\/10832\/revisions"}],"predecessor-version":[{"id":10834,"href":"https:\/\/fadeweb.uncoma.edu.ar\/index.php\/wp-json\/wp\/v2\/posts\/10832\/revisions\/10834"}],"wp:featuredmedia":[{"embeddable":true,"href":"https:\/\/fadeweb.uncoma.edu.ar\/index.php\/wp-json\/wp\/v2\/media\/10833"}],"wp:attachment":[{"href":"https:\/\/fadeweb.uncoma.edu.ar\/index.php\/wp-json\/wp\/v2\/media?parent=10832"}],"wp:term":[{"taxonomy":"category","embeddable":true,"href":"https:\/\/fadeweb.uncoma.edu.ar\/index.php\/wp-json\/wp\/v2\/categories?post=10832"},{"taxonomy":"post_tag","embeddable":true,"href":"https:\/\/fadeweb.uncoma.edu.ar\/index.php\/wp-json\/wp\/v2\/tags?post=10832"}],"curies":[{"name":"wp","href":"https:\/\/api.w.org\/{rel}","templated":true}]}}