{"id":10323,"date":"2022-11-09T11:06:28","date_gmt":"2022-11-09T14:06:28","guid":{"rendered":"https:\/\/fadeweb.uncoma.edu.ar\/?p=10323"},"modified":"2022-11-09T11:06:28","modified_gmt":"2022-11-09T14:06:28","slug":"la-fadecs-estuvo-presente-en-caper-2022","status":"publish","type":"post","link":"https:\/\/fadeweb.uncoma.edu.ar\/index.php\/2022\/11\/09\/la-fadecs-estuvo-presente-en-caper-2022\/","title":{"rendered":"LA FADECS ESTUVO PRESENTE EN CAPER 2022"},"content":{"rendered":"<p><img fetchpriority=\"high\" decoding=\"async\" class=\"size-medium wp-image-10324 alignleft\" src=\"https:\/\/fadeweb.uncoma.edu.ar\/wp-content\/uploads\/2022\/11\/CAPER-1-225x300.jpeg\" alt=\"\" width=\"225\" height=\"300\" srcset=\"https:\/\/fadeweb.uncoma.edu.ar\/wp-content\/uploads\/2022\/11\/CAPER-1-225x300.jpeg 225w, https:\/\/fadeweb.uncoma.edu.ar\/wp-content\/uploads\/2022\/11\/CAPER-1.jpeg 768w\" sizes=\"(max-width: 225px) 100vw, 225px\" \/><\/p>\n<div class=\"xdj266r x11i5rnm xat24cr x1mh8g0r x1vvkbs x126k92a\">\n<div dir=\"auto\">El t\u00e9cnico Sebasti\u00e1n Salicioni asisti\u00f3 a la CAPER 2022, la exposici\u00f3n m\u00e1s importante de Latinoam\u00e9rica, en la que participan las primeras marcas de la industria del cine, televisi\u00f3n y radio. Esta muestra se presenta primero en Las Vegas (Estados Unidos) y luego en Argentina. Este a\u00f1o celebr\u00f3 30 ediciones y volvi\u00f3 a la presencialidad del 1 al 3 de noviembre, en el Centro Costa Salguero de Buenos Aires.<\/div>\n<\/div>\n<div class=\"x11i5rnm xat24cr x1mh8g0r x1vvkbs xtlvy1s x126k92a\">\n<div dir=\"auto\">Salicioni desempe\u00f1a un cargo t\u00e9cnico (AyP 2), por el que est\u00e1 abocado al mantenimiento t\u00e9cnico de las c\u00e1tedras de Radiof\u00f3nica y de Audiovisual y de Radio Antena Libre. Nos explic\u00f3 que presenci\u00f3 \u00abtodo lo que implica innovaci\u00f3n en cine, radio y televisi\u00f3n, este a\u00f1o se agreg\u00f3 como novedad cableado, fibra \u00f3ptica, cine y datos y nuevas tecnolog\u00edas, es decir la industria\u00bb.<\/div>\n<\/div>\n<div class=\"x11i5rnm xat24cr x1mh8g0r x1vvkbs xtlvy1s x126k92a\">\n<div dir=\"auto\">Adem\u00e1s de exponer el equipamiento, CAPER se caracteriza por organizar talleres, mesas redondas, conferencias y capacitaciones. \u00abEs muy importante que la FADECS est\u00e9 presente para traer las novedades a nuestra casa y volcarlo en la formaci\u00f3n de nuestros estudiantes. De esta manera se asegura que nuestros graduados se inserten en los medios de comunicaci\u00f3n con los conceptos y las t\u00e9cnicas m\u00e1s actualizadas posibles en la materia y de manera pr\u00e1ctica\u00bb, dijo.<\/div>\n<\/div>\n","protected":false},"excerpt":{"rendered":"<p>El t\u00e9cnico Sebasti\u00e1n Salicioni asisti\u00f3 a la CAPER 2022, la exposici\u00f3n m\u00e1s importante de Latinoam\u00e9rica, en la que participan las primeras marcas de la industria del cine, televisi\u00f3n y radio. Esta muestra se presenta primero en Las Vegas (Estados Unidos) y luego en Argentina. Este a\u00f1o celebr\u00f3 30 ediciones y volvi\u00f3 a la presencialidad del [&hellip;]<\/p>\n","protected":false},"author":3,"featured_media":10324,"comment_status":"open","ping_status":"open","sticky":false,"template":"","format":"standard","meta":{"footnotes":""},"categories":[59,5],"tags":[],"class_list":["post-10323","post","type-post","status-publish","format-standard","has-post-thumbnail","hentry","category-comunicacion","category-notifadecs"],"_links":{"self":[{"href":"https:\/\/fadeweb.uncoma.edu.ar\/index.php\/wp-json\/wp\/v2\/posts\/10323","targetHints":{"allow":["GET"]}}],"collection":[{"href":"https:\/\/fadeweb.uncoma.edu.ar\/index.php\/wp-json\/wp\/v2\/posts"}],"about":[{"href":"https:\/\/fadeweb.uncoma.edu.ar\/index.php\/wp-json\/wp\/v2\/types\/post"}],"author":[{"embeddable":true,"href":"https:\/\/fadeweb.uncoma.edu.ar\/index.php\/wp-json\/wp\/v2\/users\/3"}],"replies":[{"embeddable":true,"href":"https:\/\/fadeweb.uncoma.edu.ar\/index.php\/wp-json\/wp\/v2\/comments?post=10323"}],"version-history":[{"count":1,"href":"https:\/\/fadeweb.uncoma.edu.ar\/index.php\/wp-json\/wp\/v2\/posts\/10323\/revisions"}],"predecessor-version":[{"id":10325,"href":"https:\/\/fadeweb.uncoma.edu.ar\/index.php\/wp-json\/wp\/v2\/posts\/10323\/revisions\/10325"}],"wp:featuredmedia":[{"embeddable":true,"href":"https:\/\/fadeweb.uncoma.edu.ar\/index.php\/wp-json\/wp\/v2\/media\/10324"}],"wp:attachment":[{"href":"https:\/\/fadeweb.uncoma.edu.ar\/index.php\/wp-json\/wp\/v2\/media?parent=10323"}],"wp:term":[{"taxonomy":"category","embeddable":true,"href":"https:\/\/fadeweb.uncoma.edu.ar\/index.php\/wp-json\/wp\/v2\/categories?post=10323"},{"taxonomy":"post_tag","embeddable":true,"href":"https:\/\/fadeweb.uncoma.edu.ar\/index.php\/wp-json\/wp\/v2\/tags?post=10323"}],"curies":[{"name":"wp","href":"https:\/\/api.w.org\/{rel}","templated":true}]}}