{"id":10317,"date":"2022-11-09T10:58:58","date_gmt":"2022-11-09T13:58:58","guid":{"rendered":"https:\/\/fadeweb.uncoma.edu.ar\/?p=10317"},"modified":"2022-11-09T10:58:58","modified_gmt":"2022-11-09T13:58:58","slug":"se-puso-en-marcha-en-el-cuy-el-proyecto-de-extension-de-fadecs-reconstruyendo-juntos","status":"publish","type":"post","link":"https:\/\/fadeweb.uncoma.edu.ar\/index.php\/2022\/11\/09\/se-puso-en-marcha-en-el-cuy-el-proyecto-de-extension-de-fadecs-reconstruyendo-juntos\/","title":{"rendered":"SE PUSO EN MARCHA EN EL CUY EL PROYECTO DE EXTENSI\u00d3N DE FADECS \u00abRECONSTRUYENDO JUNTOS\u00bb"},"content":{"rendered":"<p><img fetchpriority=\"high\" decoding=\"async\" class=\"size-medium wp-image-10318 alignleft\" src=\"https:\/\/fadeweb.uncoma.edu.ar\/wp-content\/uploads\/2022\/11\/Proyecto-de-extension-de-fadecs-reconstruyendo-juntos-en-El-Cuy-300x192.jpeg\" alt=\"\" width=\"300\" height=\"192\" srcset=\"https:\/\/fadeweb.uncoma.edu.ar\/wp-content\/uploads\/2022\/11\/Proyecto-de-extension-de-fadecs-reconstruyendo-juntos-en-El-Cuy-300x192.jpeg 300w, https:\/\/fadeweb.uncoma.edu.ar\/wp-content\/uploads\/2022\/11\/Proyecto-de-extension-de-fadecs-reconstruyendo-juntos-en-El-Cuy-768x491.jpeg 768w, https:\/\/fadeweb.uncoma.edu.ar\/wp-content\/uploads\/2022\/11\/Proyecto-de-extension-de-fadecs-reconstruyendo-juntos-en-El-Cuy.jpeg 905w\" sizes=\"(max-width: 300px) 100vw, 300px\" \/><\/p>\n<div class=\"x11i5rnm xat24cr x1mh8g0r x1vvkbs xtlvy1s x126k92a\">\n<div dir=\"auto\">Se realiz\u00f3 un primer encuentro entre diferentes actores institucionales, en el marco del proyecto de Extensi\u00f3n \u00abReconstruyendo Juntos\u00bb, Fortaleciendo espacios socioeducativos de ESI, g\u00e9nero y diversidad en la localidad de El Cuy, provincia de R\u00edo Negro.<\/div>\n<\/div>\n<div class=\"x11i5rnm xat24cr x1mh8g0r x1vvkbs xtlvy1s x126k92a\">\n<div dir=\"auto\">La reuni\u00f3n permiti\u00f3 identificar acciones ya desplegadas; acciones a fortalecer; situaciones problem\u00e1ticas complejas que se relacionan de forma directa o indirecta con la tem\u00e1tica; otras problem\u00e1ticas relevantes para la comunidad; actores socio comunitarios que no pudieron estar pero que se ir\u00e1n sumando. Finalmente, se pudieron pensar algunos lineamientos para la planificaci\u00f3n de actividades para el pr\u00f3ximo a\u00f1o.<\/div>\n<\/div>\n<div class=\"x11i5rnm xat24cr x1mh8g0r x1vvkbs xtlvy1s x126k92a\">\n<div dir=\"auto\">En esta primera actividad, cumplida el mi\u00e9rcoles 2 de noviembre, la mesa estuvo integrada por Yanina Bustos (Directora del ESRN N\u00ba 100), Marcelo Salas (Director de la Escuela Primaria N\u00ba 87), Cristian G\u00f3mez (Director del Proyecto de Extensi\u00f3n), Lic. Mariela Perez y Lic. Paula Alvear (Integrantes Secretar\u00eda de Bienestar Estudiantil), Silvia Morales (Supervisi\u00f3n SUR II &#8211; ZONA I &#8211; Sierra Colorada, del cual depende la Escuela Primaria), Nancy Morales (Directora del Hospital \u00c1rea Programa de El Cuy), Ver\u00f3nica Millar y Ver\u00f3nica Gisela Miler (enfermeras profesionales del Hospital \u00c1rea Programa de El Cuy), M\u00f3nica Valdebenito y Rosalia Sotelo (residentes nativas, referentes ESI de la ESRN N\u00ba 100).<\/div>\n<\/div>\n","protected":false},"excerpt":{"rendered":"<p>Se realiz\u00f3 un primer encuentro entre diferentes actores institucionales, en el marco del proyecto de Extensi\u00f3n \u00abReconstruyendo Juntos\u00bb, Fortaleciendo espacios socioeducativos de ESI, g\u00e9nero y diversidad en la localidad de El Cuy, provincia de R\u00edo Negro. La reuni\u00f3n permiti\u00f3 identificar acciones ya desplegadas; acciones a fortalecer; situaciones problem\u00e1ticas complejas que se relacionan de forma directa [&hellip;]<\/p>\n","protected":false},"author":3,"featured_media":10318,"comment_status":"open","ping_status":"open","sticky":false,"template":"","format":"standard","meta":{"footnotes":""},"categories":[61,5,36],"tags":[],"class_list":["post-10317","post","type-post","status-publish","format-standard","has-post-thumbnail","hentry","category-bienestar","category-notifadecs","category-proyectos-extension"],"_links":{"self":[{"href":"https:\/\/fadeweb.uncoma.edu.ar\/index.php\/wp-json\/wp\/v2\/posts\/10317","targetHints":{"allow":["GET"]}}],"collection":[{"href":"https:\/\/fadeweb.uncoma.edu.ar\/index.php\/wp-json\/wp\/v2\/posts"}],"about":[{"href":"https:\/\/fadeweb.uncoma.edu.ar\/index.php\/wp-json\/wp\/v2\/types\/post"}],"author":[{"embeddable":true,"href":"https:\/\/fadeweb.uncoma.edu.ar\/index.php\/wp-json\/wp\/v2\/users\/3"}],"replies":[{"embeddable":true,"href":"https:\/\/fadeweb.uncoma.edu.ar\/index.php\/wp-json\/wp\/v2\/comments?post=10317"}],"version-history":[{"count":1,"href":"https:\/\/fadeweb.uncoma.edu.ar\/index.php\/wp-json\/wp\/v2\/posts\/10317\/revisions"}],"predecessor-version":[{"id":10319,"href":"https:\/\/fadeweb.uncoma.edu.ar\/index.php\/wp-json\/wp\/v2\/posts\/10317\/revisions\/10319"}],"wp:featuredmedia":[{"embeddable":true,"href":"https:\/\/fadeweb.uncoma.edu.ar\/index.php\/wp-json\/wp\/v2\/media\/10318"}],"wp:attachment":[{"href":"https:\/\/fadeweb.uncoma.edu.ar\/index.php\/wp-json\/wp\/v2\/media?parent=10317"}],"wp:term":[{"taxonomy":"category","embeddable":true,"href":"https:\/\/fadeweb.uncoma.edu.ar\/index.php\/wp-json\/wp\/v2\/categories?post=10317"},{"taxonomy":"post_tag","embeddable":true,"href":"https:\/\/fadeweb.uncoma.edu.ar\/index.php\/wp-json\/wp\/v2\/tags?post=10317"}],"curies":[{"name":"wp","href":"https:\/\/api.w.org\/{rel}","templated":true}]}}