{"id":10200,"date":"2020-05-20T08:32:16","date_gmt":"2020-05-20T11:32:16","guid":{"rendered":"http:\/\/170.210.81.106\/newfade\/?p=10200"},"modified":"2022-11-08T08:32:56","modified_gmt":"2022-11-08T11:32:56","slug":"v-competencia-internacional-de-derechos-humanos","status":"publish","type":"post","link":"https:\/\/fadeweb.uncoma.edu.ar\/index.php\/2020\/05\/20\/v-competencia-internacional-de-derechos-humanos\/","title":{"rendered":"V COMPETENCIA INTERNACIONAL DE DERECHOS HUMANOS"},"content":{"rendered":"<h2 class=\"subt1\"><img fetchpriority=\"high\" decoding=\"async\" class=\"alignnone size-full wp-image-10201\" src=\"https:\/\/fadeweb.uncoma.edu.ar\/wp-content\/uploads\/2022\/11\/cuyum.jpg\" alt=\"\" width=\"342\" height=\"342\" srcset=\"https:\/\/fadeweb.uncoma.edu.ar\/wp-content\/uploads\/2022\/11\/cuyum.jpg 342w, https:\/\/fadeweb.uncoma.edu.ar\/wp-content\/uploads\/2022\/11\/cuyum-300x300.jpg 300w, https:\/\/fadeweb.uncoma.edu.ar\/wp-content\/uploads\/2022\/11\/cuyum-150x150.jpg 150w\" sizes=\"(max-width: 342px) 100vw, 342px\" \/><br \/>\n\u00abEl Derecho a la Libertad de Expresi\u00f3n\u00bb<\/h2>\n<p class=\"texto\">La V Competencia Internacional de Derechos Humanos \u201cCUYUM\u201d 2020 se desarrollar\u00e1 este a\u00f1o con un formato renovado y acorde a los tiempos que nos toca vivir. En este contexto y convencidos de que en estas circunstancias la formaci\u00f3n en derechos humanos es imperativa, la Facultad de Derecho de la UNCUYO anuncia la realizaci\u00f3n conjunta y a distancia de dos actividades tradicionales de formaci\u00f3n en competencias: la V Competencia Internacional de Derechos Humanos \u201cCUYUM\u201d y el II Curso con Certificaci\u00f3n Universitaria en Litigio Internacional (\u201cMoot Court\u201d) -modalidad Virtual en tiempos de COVID-19-.<\/p>\n<p class=\"texto\">En lo que respecta a las Competencias CUYUM, a ra\u00edz de la incertidumbre generada por el avance del COVID-19, se ha decidido -en consonancia con lo ocurrido en diversas actividades acad\u00e9micas de este tipo- eliminar la fase presencial en la Provincia de Mendoza, y circunscribir el desarrollo de la instancia oral-virtual a una sola Audiencia Final de la Competencia.<\/p>\n<p class=\"texto\">En este sentido el concurso se desarrollar\u00e1 en 3 etapas:<\/p>\n<p class=\"texto\">1. Primera Etapa: \u201cEl Curso Virtual\u201d. Los integrantes del equipo participar\u00e1n de las actividades de formaci\u00f3n que se realicen en la plataforma Moodle y presenciar\u00e1n\u00a0las clases magistrales-virtuales\u00a0dictadas por prestigiosos especialistas en Derecho Internacional de los Derechos Humanos.<\/p>\n<p class=\"texto\">2. Segunda Etapa: \u201cPresentaci\u00f3n de Memoriales\u201d. La fase escrita requiere de cada equipo la preparaci\u00f3n y redacci\u00f3n de los escritos de argumentos, solicitudes y pruebas (\u201cRepresentante de las v\u00edctimas\u201d) y contestaci\u00f3n de la demanda (\u201cEstado demandado\u201d) de acuerdo a las formalidades requeridas en el reglamento de la competencia.<\/p>\n<p class=\"texto\">3. Tercera Etapa: \u201cRonda Final (escrita y oral-virtual)\u201d. Los dos equipos finalistas se enfrentar\u00e1n entre ellos asegurando el contradictorio. En esta etapa elaborar\u00e1n o modificar\u00e1n su memorial inicial y tendr\u00e1n una audiencia final oral-virtual frente a los magistrados donde s\u00f3lo expondr\u00e1n sus argumentos de r\u00e9plica y d\u00faplica, y eventualmente ser\u00e1n interrogados.<\/p>\n<p class=\"texto\">Lo anterior implica que el certamen se llevar\u00e1 a cabo principalmente en forma escrita y virtual, manteniendo la misma l\u00f3gica de las ediciones anteriores, esto es, la redacci\u00f3n por parte de cada equipo de los escritos de argumentos, solicitudes y pruebas (\u201cRepresentante de las v\u00edctimas\u201d) y contestaci\u00f3n de la demanda (\u201cEstado demandado\u201d) sobre la base de un caso hipot\u00e9tico, todo ello a tenor de las formalidades requeridas en el reglamento de la competici\u00f3n. El equipo ganador lo determinar\u00e1 un tribunal compuesto por personalidades destacadas en el \u00e1mbito de los derechos humanos.<\/p>\n<p class=\"texto\">El premio ser\u00e1 el mismo que en las ediciones anteriores -una beca para realizar el m\u00e1ster o Doctorado que prefiera el ganador\/a de acuerdo a la oferta que anualmente tenga la Facultad de Derecho de la Universidad Nacional de Cuyo- cabe recordar que esta es la \u00fanica competencia internacional con un premio de este nivel-.<\/p>\n<p class=\"texto\">Para m\u00e1s informaci\u00f3n:\u00a0<a href=\"http:\/\/derecho.uncuyo.edu.ar\/cuyum\/\" target=\"_blank\" rel=\"noopener\">http:\/\/derecho.uncuyo.edu.ar\/cuyum\/<\/a><\/p>\n","protected":false},"excerpt":{"rendered":"<p>\u00abEl Derecho a la Libertad de Expresi\u00f3n\u00bb La V Competencia Internacional de Derechos Humanos \u201cCUYUM\u201d 2020 se desarrollar\u00e1 este a\u00f1o con un formato renovado y acorde a los tiempos que nos toca vivir. En este contexto y convencidos de que en estas circunstancias la formaci\u00f3n en derechos humanos es imperativa, la Facultad de Derecho de [&hellip;]<\/p>\n","protected":false},"author":2,"featured_media":10201,"comment_status":"open","ping_status":"open","sticky":false,"template":"","format":"standard","meta":{"footnotes":""},"categories":[39,5],"tags":[],"class_list":["post-10200","post","type-post","status-publish","format-standard","has-post-thumbnail","hentry","category-39","category-notifadecs"],"_links":{"self":[{"href":"https:\/\/fadeweb.uncoma.edu.ar\/index.php\/wp-json\/wp\/v2\/posts\/10200","targetHints":{"allow":["GET"]}}],"collection":[{"href":"https:\/\/fadeweb.uncoma.edu.ar\/index.php\/wp-json\/wp\/v2\/posts"}],"about":[{"href":"https:\/\/fadeweb.uncoma.edu.ar\/index.php\/wp-json\/wp\/v2\/types\/post"}],"author":[{"embeddable":true,"href":"https:\/\/fadeweb.uncoma.edu.ar\/index.php\/wp-json\/wp\/v2\/users\/2"}],"replies":[{"embeddable":true,"href":"https:\/\/fadeweb.uncoma.edu.ar\/index.php\/wp-json\/wp\/v2\/comments?post=10200"}],"version-history":[{"count":1,"href":"https:\/\/fadeweb.uncoma.edu.ar\/index.php\/wp-json\/wp\/v2\/posts\/10200\/revisions"}],"predecessor-version":[{"id":10202,"href":"https:\/\/fadeweb.uncoma.edu.ar\/index.php\/wp-json\/wp\/v2\/posts\/10200\/revisions\/10202"}],"wp:featuredmedia":[{"embeddable":true,"href":"https:\/\/fadeweb.uncoma.edu.ar\/index.php\/wp-json\/wp\/v2\/media\/10201"}],"wp:attachment":[{"href":"https:\/\/fadeweb.uncoma.edu.ar\/index.php\/wp-json\/wp\/v2\/media?parent=10200"}],"wp:term":[{"taxonomy":"category","embeddable":true,"href":"https:\/\/fadeweb.uncoma.edu.ar\/index.php\/wp-json\/wp\/v2\/categories?post=10200"},{"taxonomy":"post_tag","embeddable":true,"href":"https:\/\/fadeweb.uncoma.edu.ar\/index.php\/wp-json\/wp\/v2\/tags?post=10200"}],"curies":[{"name":"wp","href":"https:\/\/api.w.org\/{rel}","templated":true}]}}