{"id":10197,"date":"2020-05-20T08:31:22","date_gmt":"2020-05-20T11:31:22","guid":{"rendered":"http:\/\/170.210.81.106\/newfade\/?p=10197"},"modified":"2022-11-08T08:31:53","modified_gmt":"2022-11-08T11:31:53","slug":"la-universidad-en-tiempo-de-coronavirus-clases-virtuales-y-entrevistas","status":"publish","type":"post","link":"https:\/\/fadeweb.uncoma.edu.ar\/index.php\/2020\/05\/20\/la-universidad-en-tiempo-de-coronavirus-clases-virtuales-y-entrevistas\/","title":{"rendered":"LA UNIVERSIDAD EN TIEMPO DE CORONAVIRUS: CLASES VIRTUALES Y ENTREVISTAS."},"content":{"rendered":"<p class=\"subt1\"><img fetchpriority=\"high\" decoding=\"async\" class=\"alignnone size-large wp-image-10198\" src=\"https:\/\/fadeweb.uncoma.edu.ar\/wp-content\/uploads\/2022\/11\/Charlotte-Russ-1024x541.jpg\" alt=\"\" width=\"800\" height=\"423\" srcset=\"https:\/\/fadeweb.uncoma.edu.ar\/wp-content\/uploads\/2022\/11\/Charlotte-Russ-1024x541.jpg 1024w, https:\/\/fadeweb.uncoma.edu.ar\/wp-content\/uploads\/2022\/11\/Charlotte-Russ-300x158.jpg 300w, https:\/\/fadeweb.uncoma.edu.ar\/wp-content\/uploads\/2022\/11\/Charlotte-Russ-768x406.jpg 768w, https:\/\/fadeweb.uncoma.edu.ar\/wp-content\/uploads\/2022\/11\/Charlotte-Russ-1536x811.jpg 1536w, https:\/\/fadeweb.uncoma.edu.ar\/wp-content\/uploads\/2022\/11\/Charlotte-Russ.jpg 1905w\" sizes=\"(max-width: 800px) 100vw, 800px\" \/><br \/>\nHoy dialogamos con la infect\u00f3loga Charlotte Russ<\/p>\n<p class=\"texto\">Estudiantes de la c\u00e1tedra de Pr\u00e1ctica Integral de Televisi\u00f3n de la Licenciatura en Comunicaci\u00f3n Social con menci\u00f3n en Locuci\u00f3n de la Universidad Nacional del Comahue entrevistaron mediante videoconferencia a la M\u00e9dica infect\u00f3loga, miembro del Comit\u00e9 de Infectolog\u00eda de la Sociedad Argentina de Pediatr\u00eda, Charlotte Russ quien asegur\u00f3 que en su amplia trayectoria \u00abes la primera vez de que no me siento segura al hablar de un tema que compete mi \u00e1rea. Es tan din\u00e1mico lo del coronavirus, que cada d\u00eda hay alguna novedad y lo que pensaba ayer, hoy pienso lo contrario\u00bb.<\/p>\n<p class=\"texto\">De la actividad participo invitada la periodista de la radio: Universidad Calf, Judith Calmels &#8211; @Judithcalmels quien dialogo con la infect\u00f3loga sobre el COVID-19 y aprovechamos con las alumnas a conocer la tarea que desarrollan los comunicadores sociales en esta pandemia.<\/p>\n<p class=\"texto\">Varias fueron las preguntas que se abordaron durante el encuentro, pero b\u00e1sicamente rondaron sobre \u00bfHasta cu\u00e1ndo el aislamiento? A lo cual Russ dijo \u201cNo se sabe, es muy delicado hacer futurolog\u00eda, esto reci\u00e9n empieza\u00bb. Finalmente, Russ cree que \u00abel Gobierno deber\u00e1 analizar muy bien cu\u00e1ndo y c\u00f3mo ser\u00e1 el cese de la cuarentena. No ser\u00e1 sencillo, ya que deber\u00e1 hacerse gradualmente, para evitar que se disparen nuevos contagios. En los pr\u00f3ximos d\u00edas el Comit\u00e9 de Emergencia se reunir\u00e1 con las autoridades del Ministro de Salud para hablar sobre la continuidad de la cuarentena.<\/p>\n<p class=\"texto\">Russ asegur\u00f3 \u00abMi mirada es que en los lugares donde no hay casos se debe liberar a la poblaci\u00f3n y en los lugares donde s\u00ed se registran casos se debe prevenir, pero ir flexibilizando \u00ab. Respecto a las clases, Russ opin\u00f3 que despu\u00e9s del invierno se podr\u00e1 regresar de forma escalonada y con protocolos. Consultada sobre la vacuna seguramente se podr\u00e1 encontrar, pero no ser\u00e1 pronto por lo que hay que seguir trabajando en evitar que colapsen los sistemas de salud \u00ab.<br \/>\nInvitamos a escuchar la entrevista realizada por las estudiantes de la #UNComa por la ma\u00f1ana del martes 19 de mayo que fuera realizada durante la clase de la materia.\u00a0 &#8211;\u00a0 Link: <a href=\"https:\/\/bit.ly\/2ToN4Gv\">https:\/\/bit.ly\/2ToN4Gv<\/a><\/p>\n<p class=\"texto\">PTI 360 &#8211; Clases Online \u2013 La cuarentena preventiva y obligatoria ante el avance del virus Covid-19 coincidi\u00f3 con las fechas de ex\u00e1menes e inicio de clases, lo que provoc\u00f3 que las universidades debieran modificar r\u00e1pidamente muchas de sus metodolog\u00edas.<\/p>\n<p class=\"texto\">Los campus virtuales que hasta ahora eran m\u00e1s bien un apoyo a las clases presenciales comenzaron a tomar protagonismo, al igual que distintas herramientas online que permiten no solo dictar clases sino la participaci\u00f3n de profesionales con vasta experiencia en el campo de acci\u00f3n de las actividades que estudian los alumnos \/as universitarios los cuales se pueden sumar para enriquecer la experiencia y la tarea pedag\u00f3gica del docente.<br \/>\n(Prensa UNCo)<\/p>\n","protected":false},"excerpt":{"rendered":"<p>Hoy dialogamos con la infect\u00f3loga Charlotte Russ Estudiantes de la c\u00e1tedra de Pr\u00e1ctica Integral de Televisi\u00f3n de la Licenciatura en Comunicaci\u00f3n Social con menci\u00f3n en Locuci\u00f3n de la Universidad Nacional del Comahue entrevistaron mediante videoconferencia a la M\u00e9dica infect\u00f3loga, miembro del Comit\u00e9 de Infectolog\u00eda de la Sociedad Argentina de Pediatr\u00eda, Charlotte Russ quien asegur\u00f3 que [&hellip;]<\/p>\n","protected":false},"author":2,"featured_media":10198,"comment_status":"open","ping_status":"open","sticky":false,"template":"","format":"standard","meta":{"footnotes":""},"categories":[39,5],"tags":[],"class_list":["post-10197","post","type-post","status-publish","format-standard","has-post-thumbnail","hentry","category-39","category-notifadecs"],"_links":{"self":[{"href":"https:\/\/fadeweb.uncoma.edu.ar\/index.php\/wp-json\/wp\/v2\/posts\/10197","targetHints":{"allow":["GET"]}}],"collection":[{"href":"https:\/\/fadeweb.uncoma.edu.ar\/index.php\/wp-json\/wp\/v2\/posts"}],"about":[{"href":"https:\/\/fadeweb.uncoma.edu.ar\/index.php\/wp-json\/wp\/v2\/types\/post"}],"author":[{"embeddable":true,"href":"https:\/\/fadeweb.uncoma.edu.ar\/index.php\/wp-json\/wp\/v2\/users\/2"}],"replies":[{"embeddable":true,"href":"https:\/\/fadeweb.uncoma.edu.ar\/index.php\/wp-json\/wp\/v2\/comments?post=10197"}],"version-history":[{"count":1,"href":"https:\/\/fadeweb.uncoma.edu.ar\/index.php\/wp-json\/wp\/v2\/posts\/10197\/revisions"}],"predecessor-version":[{"id":10199,"href":"https:\/\/fadeweb.uncoma.edu.ar\/index.php\/wp-json\/wp\/v2\/posts\/10197\/revisions\/10199"}],"wp:featuredmedia":[{"embeddable":true,"href":"https:\/\/fadeweb.uncoma.edu.ar\/index.php\/wp-json\/wp\/v2\/media\/10198"}],"wp:attachment":[{"href":"https:\/\/fadeweb.uncoma.edu.ar\/index.php\/wp-json\/wp\/v2\/media?parent=10197"}],"wp:term":[{"taxonomy":"category","embeddable":true,"href":"https:\/\/fadeweb.uncoma.edu.ar\/index.php\/wp-json\/wp\/v2\/categories?post=10197"},{"taxonomy":"post_tag","embeddable":true,"href":"https:\/\/fadeweb.uncoma.edu.ar\/index.php\/wp-json\/wp\/v2\/tags?post=10197"}],"curies":[{"name":"wp","href":"https:\/\/api.w.org\/{rel}","templated":true}]}}