{"id":10106,"date":"2020-05-27T13:36:05","date_gmt":"2020-05-27T16:36:05","guid":{"rendered":"http:\/\/170.210.81.106\/newfade\/?p=10106"},"modified":"2022-11-07T13:37:51","modified_gmt":"2022-11-07T16:37:51","slug":"cobertura-de-atencion-psicologica-por-teleconsulta","status":"publish","type":"post","link":"https:\/\/fadeweb.uncoma.edu.ar\/index.php\/2020\/05\/27\/cobertura-de-atencion-psicologica-por-teleconsulta\/","title":{"rendered":"COBERTURA DE ATENCI\u00d3N PSICOL\u00d3GICA POR TELECONSULTA"},"content":{"rendered":"<p><img fetchpriority=\"high\" decoding=\"async\" class=\"alignnone size-full wp-image-9958\" src=\"https:\/\/fadeweb.uncoma.edu.ar\/wp-content\/uploads\/2022\/11\/sosunc.jpg\" alt=\"\" width=\"521\" height=\"328\" srcset=\"https:\/\/fadeweb.uncoma.edu.ar\/wp-content\/uploads\/2022\/11\/sosunc.jpg 521w, https:\/\/fadeweb.uncoma.edu.ar\/wp-content\/uploads\/2022\/11\/sosunc-300x189.jpg 300w\" sizes=\"(max-width: 521px) 100vw, 521px\" \/><br \/>\n<span class=\"texto\"><br \/>\nLa obra social de la UNCo informa a los\/las afiliados y afiliadas que, durante el Aislamiento Social, Preventivo y Obligatorio, SOSUNC continuar\u00e1 brindando cobertura a la atenci\u00f3n psicol\u00f3gica por medio de teleconsultas o consultas virtuales.<\/p>\n<p>Las sesiones tendr\u00e1n la misma cobertura que las habituales. Para valorizarlas comunicarse solo por WhatsApp (de 8 a 15 horas) al tel\u00e9fono correspondiente a tu delegaci\u00f3n.<\/p>\n<p>En el caso que se solicite resumen de historia cl\u00ednica debe ser enviada a auditoria.psicologica@sosunc.org.ar indicando a nombre del paciente.<\/p>\n<p><strong>Contactos:<\/strong><\/p>\n<p>Neuqu\u00e9n: 2994383704<br \/>\nBariloche: 2944598208<br \/>\nZapala: 2942539257<br \/>\nCipolletti: 2994383715<br \/>\nCinco Saltos: 2994383735<br \/>\nVilla Regina: 2984568487<br \/>\nSan Antonio: 2934411301<br \/>\nSan Mart\u00edn de los Andes: 2944315569<br \/>\nGeneral Roca: 2984669898<br \/>\nViedma: 2920484330<\/span><\/p>\n","protected":false},"excerpt":{"rendered":"<p>La obra social de la UNCo informa a los\/las afiliados y afiliadas que, durante el Aislamiento Social, Preventivo y Obligatorio, SOSUNC continuar\u00e1 brindando cobertura a la atenci\u00f3n psicol\u00f3gica por medio de teleconsultas o consultas virtuales. Las sesiones tendr\u00e1n la misma cobertura que las habituales. Para valorizarlas comunicarse solo por WhatsApp (de 8 a 15 horas) [&hellip;]<\/p>\n","protected":false},"author":2,"featured_media":9958,"comment_status":"open","ping_status":"open","sticky":false,"template":"","format":"standard","meta":{"footnotes":""},"categories":[39,5],"tags":[],"class_list":["post-10106","post","type-post","status-publish","format-standard","has-post-thumbnail","hentry","category-39","category-notifadecs"],"_links":{"self":[{"href":"https:\/\/fadeweb.uncoma.edu.ar\/index.php\/wp-json\/wp\/v2\/posts\/10106","targetHints":{"allow":["GET"]}}],"collection":[{"href":"https:\/\/fadeweb.uncoma.edu.ar\/index.php\/wp-json\/wp\/v2\/posts"}],"about":[{"href":"https:\/\/fadeweb.uncoma.edu.ar\/index.php\/wp-json\/wp\/v2\/types\/post"}],"author":[{"embeddable":true,"href":"https:\/\/fadeweb.uncoma.edu.ar\/index.php\/wp-json\/wp\/v2\/users\/2"}],"replies":[{"embeddable":true,"href":"https:\/\/fadeweb.uncoma.edu.ar\/index.php\/wp-json\/wp\/v2\/comments?post=10106"}],"version-history":[{"count":1,"href":"https:\/\/fadeweb.uncoma.edu.ar\/index.php\/wp-json\/wp\/v2\/posts\/10106\/revisions"}],"predecessor-version":[{"id":10107,"href":"https:\/\/fadeweb.uncoma.edu.ar\/index.php\/wp-json\/wp\/v2\/posts\/10106\/revisions\/10107"}],"wp:featuredmedia":[{"embeddable":true,"href":"https:\/\/fadeweb.uncoma.edu.ar\/index.php\/wp-json\/wp\/v2\/media\/9958"}],"wp:attachment":[{"href":"https:\/\/fadeweb.uncoma.edu.ar\/index.php\/wp-json\/wp\/v2\/media?parent=10106"}],"wp:term":[{"taxonomy":"category","embeddable":true,"href":"https:\/\/fadeweb.uncoma.edu.ar\/index.php\/wp-json\/wp\/v2\/categories?post=10106"},{"taxonomy":"post_tag","embeddable":true,"href":"https:\/\/fadeweb.uncoma.edu.ar\/index.php\/wp-json\/wp\/v2\/tags?post=10106"}],"curies":[{"name":"wp","href":"https:\/\/api.w.org\/{rel}","templated":true}]}}