{"id":10079,"date":"2020-06-01T13:26:40","date_gmt":"2020-06-01T16:26:40","guid":{"rendered":"http:\/\/170.210.81.106\/newfade\/?p=10079"},"modified":"2022-11-07T13:27:07","modified_gmt":"2022-11-07T16:27:07","slug":"1o-de-junio-dia-del-la-sociologo-a","status":"publish","type":"post","link":"https:\/\/fadeweb.uncoma.edu.ar\/index.php\/2020\/06\/01\/1o-de-junio-dia-del-la-sociologo-a\/","title":{"rendered":"1\u00ba DE JUNIO D\u00cdA DEL\/LA SOCI\u00d3LOGO\/A"},"content":{"rendered":"<p><img fetchpriority=\"high\" decoding=\"async\" class=\"alignnone size-large wp-image-10080\" src=\"https:\/\/fadeweb.uncoma.edu.ar\/wp-content\/uploads\/2022\/11\/dds-1024x719.jpg\" alt=\"\" width=\"800\" height=\"562\" srcset=\"https:\/\/fadeweb.uncoma.edu.ar\/wp-content\/uploads\/2022\/11\/dds-1024x719.jpg 1024w, https:\/\/fadeweb.uncoma.edu.ar\/wp-content\/uploads\/2022\/11\/dds-300x211.jpg 300w, https:\/\/fadeweb.uncoma.edu.ar\/wp-content\/uploads\/2022\/11\/dds-768x539.jpg 768w, https:\/\/fadeweb.uncoma.edu.ar\/wp-content\/uploads\/2022\/11\/dds.jpg 1213w\" sizes=\"(max-width: 800px) 100vw, 800px\" \/><\/p>\n<p><span class=\"texto\">El conocimiento de lo social es una forma de obrar, de pensar y sentir, y para ello hay que estar dispuestos a desnaturalizar lo instituido y a problematizar las relaciones sociales en las que nos desenvolvemos. Los espacios de formaci\u00f3n son variados, se producen dentro y fuera de las aulas, y en ese intercambio donde el oficio se aprehende, las herramientas que\u00a0brinda la academia fortalecen la reflexividad y se agudiza la mirada sobre lo social.<\/p>\n<p>Las autoridades de la Facultad de Derecho y Ciencias Sociales de la UNCo saludan este d\u00eda a los\/las soci\u00f3logos\/as de nuestra casa y lo hacen extensivo al conjunto de la profesi\u00f3n.<\/p>\n<p>La conmemoraci\u00f3n se origina el 1 de junio del 2002, luego de que el Consejo de Profesionales en Sociolog\u00eda lo oficializara por resoluci\u00f3n N\u00b0 55\/2002, a trav\u00e9s de la publicaci\u00f3n en el Bolet\u00edn Oficial de la Rep\u00fablica Argentina. El d\u00eda se eligi\u00f3 para recordar la creaci\u00f3n de la primer C\u00e1tedra de Sociolog\u00eda en Argentina, que fue dictada en 1898 por el Dr. Antonio Dellepiane en la Facultad de Filosof\u00eda y Letras de la UBA.<\/span><\/p>\n","protected":false},"excerpt":{"rendered":"<p>El conocimiento de lo social es una forma de obrar, de pensar y sentir, y para ello hay que estar dispuestos a desnaturalizar lo instituido y a problematizar las relaciones sociales en las que nos desenvolvemos. Los espacios de formaci\u00f3n son variados, se producen dentro y fuera de las aulas, y en ese intercambio donde [&hellip;]<\/p>\n","protected":false},"author":2,"featured_media":10080,"comment_status":"open","ping_status":"open","sticky":false,"template":"","format":"standard","meta":{"footnotes":""},"categories":[39,5],"tags":[],"class_list":["post-10079","post","type-post","status-publish","format-standard","has-post-thumbnail","hentry","category-39","category-notifadecs"],"_links":{"self":[{"href":"https:\/\/fadeweb.uncoma.edu.ar\/index.php\/wp-json\/wp\/v2\/posts\/10079","targetHints":{"allow":["GET"]}}],"collection":[{"href":"https:\/\/fadeweb.uncoma.edu.ar\/index.php\/wp-json\/wp\/v2\/posts"}],"about":[{"href":"https:\/\/fadeweb.uncoma.edu.ar\/index.php\/wp-json\/wp\/v2\/types\/post"}],"author":[{"embeddable":true,"href":"https:\/\/fadeweb.uncoma.edu.ar\/index.php\/wp-json\/wp\/v2\/users\/2"}],"replies":[{"embeddable":true,"href":"https:\/\/fadeweb.uncoma.edu.ar\/index.php\/wp-json\/wp\/v2\/comments?post=10079"}],"version-history":[{"count":1,"href":"https:\/\/fadeweb.uncoma.edu.ar\/index.php\/wp-json\/wp\/v2\/posts\/10079\/revisions"}],"predecessor-version":[{"id":10081,"href":"https:\/\/fadeweb.uncoma.edu.ar\/index.php\/wp-json\/wp\/v2\/posts\/10079\/revisions\/10081"}],"wp:featuredmedia":[{"embeddable":true,"href":"https:\/\/fadeweb.uncoma.edu.ar\/index.php\/wp-json\/wp\/v2\/media\/10080"}],"wp:attachment":[{"href":"https:\/\/fadeweb.uncoma.edu.ar\/index.php\/wp-json\/wp\/v2\/media?parent=10079"}],"wp:term":[{"taxonomy":"category","embeddable":true,"href":"https:\/\/fadeweb.uncoma.edu.ar\/index.php\/wp-json\/wp\/v2\/categories?post=10079"},{"taxonomy":"post_tag","embeddable":true,"href":"https:\/\/fadeweb.uncoma.edu.ar\/index.php\/wp-json\/wp\/v2\/tags?post=10079"}],"curies":[{"name":"wp","href":"https:\/\/api.w.org\/{rel}","templated":true}]}}